{"id":1795,"date":"2012-04-14T20:29:03","date_gmt":"2012-04-14T19:29:03","guid":{"rendered":"http:\/\/www.granadablogs.com\/juezcalatayud\/?p=1795"},"modified":"2012-04-14T20:29:03","modified_gmt":"2012-04-14T19:29:03","slug":"el-juez-lamenta-en-navalmoral-de-la-mata-que-los-politicos-no-hablen-de-los-menores-durante-las-elecciones","status":"publish","type":"post","link":"https:\/\/www.granadablogs.com\/juezcalatayud\/2012\/04\/el-juez-lamenta-en-navalmoral-de-la-mata-que-los-politicos-no-hablen-de-los-menores-durante-las-elecciones\/","title":{"rendered":"El juez lamenta en Navalmoral de la Mata que los pol\u00edticos no hablen de los menores durante las elecciones"},"content":{"rendered":"<p>Don Emilio ha dio el viernes por la noche una conferencia en la ciudad cacere\u00f1a de Navalmoral de la Mata parece que con \u00e9xito de cr\u00edtica y p\u00fablico. Nos hemos enterado que la Casa de la Cultura de Navalmoral ha registrado un lleno hist\u00f3rico: nunca antes hab\u00eda habido tanta afluencia de personas, seg\u00fan comentan los medios locales. Por lo dem\u00e1s, aqu\u00ed va la noticia que la agencia EFE ha difundido hoy sobre la intervenci\u00f3n de don Emilio en Navalmoral de la Mata. La mayor\u00eda de los temas que aborda ya os sonar\u00e1n porque antes los ha planteado aqu\u00ed en el blog. Pero nunca est\u00e1 de m\u00e1s abundar.<br \/>\n\u00abEl juez titular del Juzgado de Menores 1 de Granada, Emilio Calatayud, ha lamentado hoy que la clase pol\u00edtica no haya hablado en las elecciones celebradas en Espa\u00f1a en los \u00faltimos meses de los muchos problemas que aquejan a los menores.<br \/>\nCalatayud, juez conocido por sus sentencias ejemplares de car\u00e1cter socioeducativo ofreci\u00f3 anoche una conferencia en la Casa de la Cultura de Navalmoral de la Mata, en la que se mostr\u00f3 muy cr\u00edtico con la labor de los padres, el sistema educativo, los pol\u00edticos, los periodistas y la sociedad en general y lament\u00f3 que no se est\u00e9n poniendo las bases para alcanzar un pacto por el menor.<br \/>\n\u00abMe duele que en todas estas elecciones no se haya tocado el tema de los menores\u00bb, afirm\u00f3 Calatayud, que plante\u00f3 la necesidad de llevar a cabo cambios en el C\u00f3digo Civil, se mostr\u00f3 contrario a la posibilidad de que los menores de 12 y 13 a\u00f1os se sienten en el banquillo y defendi\u00f3 la actual Ley del Menor, aunque cree que hay que explicarla.<br \/>\nCalatayud aclar\u00f3 que \u00abno es verdad que a los menores no se les pueda detener\u00bb ni que \u00aba los cinco a\u00f1os se vayan para su casa\u00bb, ya que pueden estar internados un m\u00e1ximo de 10 \u00f3 12 a\u00f1os si tienen entre 14 y 16 a\u00f1os, y un m\u00e1ximo de 16 \u00f3 20 si tienen de 16 a 18 a\u00f1os, con la posibilidad de ingresar en prisi\u00f3n a los 21.<br \/>\nSe\u00f1al\u00f3 que desde que en 1988 se convirti\u00f3 en titular del Juzgado de Menores de Granada, han pasado por sus manos m\u00e1s de 16.000 casos, incluidos 34 asesinatos y 98 violaciones, y afirma que el 80 por ciento de los menores que delinquen no son delincuentes \u00absino que simplemente han cometido un delito\u00bb.<br \/>\nAsimismo, defendi\u00f3 sus sentencias socioeducativas, conocidas a nivel nacional y a\u00f1adi\u00f3 que los menores actuales han cambiado, que se han equiparado las clases sociales y sexos a la hora de delinquir o que hay que desjudicializar la vida.<br \/>\nCalatayud tambi\u00e9n ha alertado que cada vez trata m\u00e1s casos de malos tratos de hijos a padre y que Internet y los tel\u00e9fonos m\u00f3viles son las \u00abnuevas drogas\u00bb de los menores.\u00bb<\/p>\n","protected":false},"excerpt":{"rendered":"<p>Don Emilio ha dio el viernes por la noche una conferencia en la ciudad cacere\u00f1a de Navalmoral de la Mata parece que con \u00e9xito de cr\u00edtica y p\u00fablico. Nos hemos enterado que la Casa de la Cultura de Navalmoral ha registrado un lleno hist\u00f3rico: nunca antes hab\u00eda habido tanta afluencia de personas, seg\u00fan comentan los [&hellip;]<\/p>\n","protected":false},"author":3,"featured_media":0,"comment_status":"open","ping_status":"open","sticky":false,"template":"","format":"standard","meta":{"jetpack_post_was_ever_published":false,"_jetpack_newsletter_access":"","_jetpack_dont_email_post_to_subs":false,"_jetpack_newsletter_tier_id":0,"_jetpack_memberships_contains_paywalled_content":false,"_jetpack_memberships_contains_paid_content":false,"footnotes":""},"categories":[1],"tags":[379],"class_list":["post-1795","post","type-post","status-publish","format-standard","hentry","category-blog","tag-navalmoral-de-la-mata"],"jetpack_featured_media_url":"","jetpack_shortlink":"https:\/\/wp.me\/p5fzW5-sX","jetpack-related-posts":[],"jetpack_sharing_enabled":true,"_links":{"self":[{"href":"https:\/\/www.granadablogs.com\/juezcalatayud\/wp-json\/wp\/v2\/posts\/1795","targetHints":{"allow":["GET"]}}],"collection":[{"href":"https:\/\/www.granadablogs.com\/juezcalatayud\/wp-json\/wp\/v2\/posts"}],"about":[{"href":"https:\/\/www.granadablogs.com\/juezcalatayud\/wp-json\/wp\/v2\/types\/post"}],"author":[{"embeddable":true,"href":"https:\/\/www.granadablogs.com\/juezcalatayud\/wp-json\/wp\/v2\/users\/3"}],"replies":[{"embeddable":true,"href":"https:\/\/www.granadablogs.com\/juezcalatayud\/wp-json\/wp\/v2\/comments?post=1795"}],"version-history":[{"count":2,"href":"https:\/\/www.granadablogs.com\/juezcalatayud\/wp-json\/wp\/v2\/posts\/1795\/revisions"}],"predecessor-version":[{"id":1797,"href":"https:\/\/www.granadablogs.com\/juezcalatayud\/wp-json\/wp\/v2\/posts\/1795\/revisions\/1797"}],"wp:attachment":[{"href":"https:\/\/www.granadablogs.com\/juezcalatayud\/wp-json\/wp\/v2\/media?parent=1795"}],"wp:term":[{"taxonomy":"category","embeddable":true,"href":"https:\/\/www.granadablogs.com\/juezcalatayud\/wp-json\/wp\/v2\/categories?post=1795"},{"taxonomy":"post_tag","embeddable":true,"href":"https:\/\/www.granadablogs.com\/juezcalatayud\/wp-json\/wp\/v2\/tags?post=1795"}],"curies":[{"name":"wp","href":"https:\/\/api.w.org\/{rel}","templated":true}]}}