{"id":17889,"date":"2023-06-05T20:02:57","date_gmt":"2023-06-05T18:02:57","guid":{"rendered":"https:\/\/www.granadablogs.com\/juezcalatayud\/?p=17889"},"modified":"2023-06-05T20:02:57","modified_gmt":"2023-06-05T18:02:57","slug":"es-complicado-ser-menor-en-estos-tiempos-si-yo-hubiese-nacido-hoy-no-seria-juez-ni-de-cona","status":"publish","type":"post","link":"https:\/\/www.granadablogs.com\/juezcalatayud\/2023\/06\/es-complicado-ser-menor-en-estos-tiempos-si-yo-hubiese-nacido-hoy-no-seria-juez-ni-de-cona\/","title":{"rendered":"Es complicado ser menor en estos tiempos, si yo hubiese nacido hoy no ser\u00eda juez ni de co\u00f1a"},"content":{"rendered":"<p>&nbsp;<\/p>\n<figure id=\"attachment_13957\" aria-describedby=\"caption-attachment-13957\" style=\"width: 3500px\" class=\"wp-caption alignnone\"><a href=\"https:\/\/www.granadablogs.com\/juezcalatayud\/wp-content\/uploads\/2020\/12\/Arboleda.jpg\"><img loading=\"lazy\" decoding=\"async\" class=\"size-full wp-image-13957\" src=\"https:\/\/www.granadablogs.com\/juezcalatayud\/wp-content\/uploads\/2020\/12\/Arboleda.jpg\" alt=\"\" width=\"3500\" height=\"2333\" srcset=\"https:\/\/www.granadablogs.com\/juezcalatayud\/wp-content\/uploads\/2020\/12\/Arboleda.jpg 3500w, https:\/\/www.granadablogs.com\/juezcalatayud\/wp-content\/uploads\/2020\/12\/Arboleda-300x200.jpg 300w, https:\/\/www.granadablogs.com\/juezcalatayud\/wp-content\/uploads\/2020\/12\/Arboleda-768x512.jpg 768w, https:\/\/www.granadablogs.com\/juezcalatayud\/wp-content\/uploads\/2020\/12\/Arboleda-644x429.jpg 644w\" sizes=\"auto, (max-width: 3500px) 100vw, 3500px\" \/><\/a><figcaption id=\"caption-attachment-13957\" class=\"wp-caption-text\">Foto Ram\u00f3n L. P\u00e9rez<\/figcaption><\/figure>\n<p>Buenas, soy Emilio Calatayud. Alguna vez me lo han preguntado y me lo\u00a0 preguntado:\u00a0 \u00bfsi yo fuera hoy un chaval de 16 a\u00f1os y tuviera un m\u00f3vil, qu\u00e9 har\u00eda con \u00e9l? La verdad es que prefiero no pensarlo. Me consuela pensar que mis padres no me habr\u00edan comprado un m\u00f3vil, me lo tendr\u00eda que haber comprado yo con mi primer sueldo.<\/p>\n<p>Pero admito que ser menor en estos tiempos es muy complicado. Si yo hubiese nacido hoy no ser\u00eda juez ni de co\u00f1a. Igual hasta ser\u00eda todo lo contrario, ja, ja, ja.<\/p>\n","protected":false},"excerpt":{"rendered":"<p>&nbsp; Buenas, soy Emilio Calatayud. Alguna vez me lo han preguntado y me lo\u00a0 preguntado:\u00a0 \u00bfsi yo fuera hoy un chaval de 16 a\u00f1os y tuviera un m\u00f3vil, qu\u00e9 har\u00eda con \u00e9l? La verdad es que prefiero no pensarlo. Me consuela pensar que mis padres no me habr\u00edan comprado un m\u00f3vil, me lo tendr\u00eda que [&hellip;]<\/p>\n","protected":false},"author":1,"featured_media":0,"comment_status":"open","ping_status":"open","sticky":false,"template":"","format":"standard","meta":{"jetpack_post_was_ever_published":false,"_jetpack_newsletter_access":"","_jetpack_dont_email_post_to_subs":false,"_jetpack_newsletter_tier_id":0,"_jetpack_memberships_contains_paywalled_content":false,"_jetpack_memberships_contains_paid_content":false,"footnotes":""},"categories":[],"tags":[522,3448],"class_list":["post-17889","post","type-post","status-publish","format-standard","hentry","tag-juez","tag-ni-de-cona"],"jetpack_featured_media_url":"","jetpack_shortlink":"https:\/\/wp.me\/p5fzW5-4Ex","jetpack-related-posts":[],"jetpack_sharing_enabled":true,"_links":{"self":[{"href":"https:\/\/www.granadablogs.com\/juezcalatayud\/wp-json\/wp\/v2\/posts\/17889","targetHints":{"allow":["GET"]}}],"collection":[{"href":"https:\/\/www.granadablogs.com\/juezcalatayud\/wp-json\/wp\/v2\/posts"}],"about":[{"href":"https:\/\/www.granadablogs.com\/juezcalatayud\/wp-json\/wp\/v2\/types\/post"}],"author":[{"embeddable":true,"href":"https:\/\/www.granadablogs.com\/juezcalatayud\/wp-json\/wp\/v2\/users\/1"}],"replies":[{"embeddable":true,"href":"https:\/\/www.granadablogs.com\/juezcalatayud\/wp-json\/wp\/v2\/comments?post=17889"}],"version-history":[{"count":2,"href":"https:\/\/www.granadablogs.com\/juezcalatayud\/wp-json\/wp\/v2\/posts\/17889\/revisions"}],"predecessor-version":[{"id":17891,"href":"https:\/\/www.granadablogs.com\/juezcalatayud\/wp-json\/wp\/v2\/posts\/17889\/revisions\/17891"}],"wp:attachment":[{"href":"https:\/\/www.granadablogs.com\/juezcalatayud\/wp-json\/wp\/v2\/media?parent=17889"}],"wp:term":[{"taxonomy":"category","embeddable":true,"href":"https:\/\/www.granadablogs.com\/juezcalatayud\/wp-json\/wp\/v2\/categories?post=17889"},{"taxonomy":"post_tag","embeddable":true,"href":"https:\/\/www.granadablogs.com\/juezcalatayud\/wp-json\/wp\/v2\/tags?post=17889"}],"curies":[{"name":"wp","href":"https:\/\/api.w.org\/{rel}","templated":true}]}}