{"id":17855,"date":"2023-05-27T23:13:25","date_gmt":"2023-05-27T21:13:25","guid":{"rendered":"https:\/\/www.granadablogs.com\/juezcalatayud\/?p=17855"},"modified":"2023-05-27T23:13:25","modified_gmt":"2023-05-27T21:13:25","slug":"el-granada-ha-vuelto-a-ascender-a-la-primera-division-una-alegria-para-la-ciudad-y-la-provincia","status":"publish","type":"post","link":"https:\/\/www.granadablogs.com\/juezcalatayud\/2023\/05\/el-granada-ha-vuelto-a-ascender-a-la-primera-division-una-alegria-para-la-ciudad-y-la-provincia\/","title":{"rendered":"El Granada ha vuelto a ascender a la Primera divisi\u00f3n, una alegr\u00eda para la ciudad y la provincia"},"content":{"rendered":"<p>&nbsp;<\/p>\n<figure id=\"attachment_13158\" aria-describedby=\"caption-attachment-13158\" style=\"width: 6720px\" class=\"wp-caption alignnone\"><a href=\"https:\/\/www.granadablogs.com\/juezcalatayud\/wp-content\/uploads\/2020\/07\/GRANA.jpg\"><img loading=\"lazy\" decoding=\"async\" class=\"size-full wp-image-13158\" src=\"https:\/\/www.granadablogs.com\/juezcalatayud\/wp-content\/uploads\/2020\/07\/GRANA.jpg\" alt=\"\" width=\"6720\" height=\"4480\" srcset=\"https:\/\/www.granadablogs.com\/juezcalatayud\/wp-content\/uploads\/2020\/07\/GRANA.jpg 6720w, https:\/\/www.granadablogs.com\/juezcalatayud\/wp-content\/uploads\/2020\/07\/GRANA-300x200.jpg 300w, https:\/\/www.granadablogs.com\/juezcalatayud\/wp-content\/uploads\/2020\/07\/GRANA-768x512.jpg 768w, https:\/\/www.granadablogs.com\/juezcalatayud\/wp-content\/uploads\/2020\/07\/GRANA-644x429.jpg 644w\" sizes=\"auto, (max-width: 6720px) 100vw, 6720px\" \/><\/a><figcaption id=\"caption-attachment-13158\" class=\"wp-caption-text\">FOTO: PEPE MARIN<\/figcaption><\/figure>\n<p>Buenas, soy Emilio Calatayud. Dejo unos instantes de reflexionar para celebrar el ascenso del Granada a Primera Divisi\u00f3n. Es una buena noticia deportiva, pero tambi\u00e9n social y econ\u00f3mica. En definitiva, que es una alegr\u00eda para la ciudad y la provincia.<\/p>\n<p>Y ahora sigo reflexionando.<\/p>\n","protected":false},"excerpt":{"rendered":"<p>&nbsp; Buenas, soy Emilio Calatayud. Dejo unos instantes de reflexionar para celebrar el ascenso del Granada a Primera Divisi\u00f3n. Es una buena noticia deportiva, pero tambi\u00e9n social y econ\u00f3mica. En definitiva, que es una alegr\u00eda para la ciudad y la provincia. Y ahora sigo reflexionando.<\/p>\n","protected":false},"author":1,"featured_media":0,"comment_status":"open","ping_status":"open","sticky":false,"template":"","format":"standard","meta":{"jetpack_post_was_ever_published":false,"_jetpack_newsletter_access":"","_jetpack_dont_email_post_to_subs":false,"_jetpack_newsletter_tier_id":0,"_jetpack_memberships_contains_paywalled_content":false,"_jetpack_memberships_contains_paid_content":false,"footnotes":""},"categories":[],"tags":[3442,15,1048],"class_list":["post-17855","post","type-post","status-publish","format-standard","hentry","tag-ascenso","tag-granada","tag-primera"],"jetpack_featured_media_url":"","jetpack_shortlink":"https:\/\/wp.me\/p5fzW5-4DZ","jetpack-related-posts":[],"jetpack_sharing_enabled":true,"_links":{"self":[{"href":"https:\/\/www.granadablogs.com\/juezcalatayud\/wp-json\/wp\/v2\/posts\/17855","targetHints":{"allow":["GET"]}}],"collection":[{"href":"https:\/\/www.granadablogs.com\/juezcalatayud\/wp-json\/wp\/v2\/posts"}],"about":[{"href":"https:\/\/www.granadablogs.com\/juezcalatayud\/wp-json\/wp\/v2\/types\/post"}],"author":[{"embeddable":true,"href":"https:\/\/www.granadablogs.com\/juezcalatayud\/wp-json\/wp\/v2\/users\/1"}],"replies":[{"embeddable":true,"href":"https:\/\/www.granadablogs.com\/juezcalatayud\/wp-json\/wp\/v2\/comments?post=17855"}],"version-history":[{"count":3,"href":"https:\/\/www.granadablogs.com\/juezcalatayud\/wp-json\/wp\/v2\/posts\/17855\/revisions"}],"predecessor-version":[{"id":17858,"href":"https:\/\/www.granadablogs.com\/juezcalatayud\/wp-json\/wp\/v2\/posts\/17855\/revisions\/17858"}],"wp:attachment":[{"href":"https:\/\/www.granadablogs.com\/juezcalatayud\/wp-json\/wp\/v2\/media?parent=17855"}],"wp:term":[{"taxonomy":"category","embeddable":true,"href":"https:\/\/www.granadablogs.com\/juezcalatayud\/wp-json\/wp\/v2\/categories?post=17855"},{"taxonomy":"post_tag","embeddable":true,"href":"https:\/\/www.granadablogs.com\/juezcalatayud\/wp-json\/wp\/v2\/tags?post=17855"}],"curies":[{"name":"wp","href":"https:\/\/api.w.org\/{rel}","templated":true}]}}