{"id":17836,"date":"2023-05-23T19:51:32","date_gmt":"2023-05-23T17:51:32","guid":{"rendered":"https:\/\/www.granadablogs.com\/juezcalatayud\/?p=17836"},"modified":"2023-05-23T19:51:32","modified_gmt":"2023-05-23T17:51:32","slug":"ser-de-un-color-distinto-al-blanco-es-normal-lo-que-no-es-normal-es-acosar-a-una-persona-porque-sea-diferente","status":"publish","type":"post","link":"https:\/\/www.granadablogs.com\/juezcalatayud\/2023\/05\/ser-de-un-color-distinto-al-blanco-es-normal-lo-que-no-es-normal-es-acosar-a-una-persona-porque-sea-diferente\/","title":{"rendered":"Ser de un color distinto al blanco es normal, lo que no es normal es acosar a una persona porque sea diferente"},"content":{"rendered":"<p><a href=\"https:\/\/www.granadablogs.com\/juezcalatayud\/wp-content\/uploads\/2019\/08\/Emil-avisa.jpg\"><img loading=\"lazy\" decoding=\"async\" class=\"alignnone size-full wp-image-11129\" src=\"https:\/\/www.granadablogs.com\/juezcalatayud\/wp-content\/uploads\/2019\/08\/Emil-avisa.jpg\" alt=\"\" width=\"660\" height=\"371\" srcset=\"https:\/\/www.granadablogs.com\/juezcalatayud\/wp-content\/uploads\/2019\/08\/Emil-avisa.jpg 660w, https:\/\/www.granadablogs.com\/juezcalatayud\/wp-content\/uploads\/2019\/08\/Emil-avisa-300x169.jpg 300w, https:\/\/www.granadablogs.com\/juezcalatayud\/wp-content\/uploads\/2019\/08\/Emil-avisa-644x362.jpg 644w\" sizes=\"auto, (max-width: 660px) 100vw, 660px\" \/><\/a><\/p>\n<p>Buenas, soy Emilio Calatayud. Chavales, y no es la primera vez que lo digo, ser t\u00edmido, tener gafas o ser de un color distinto al blanco es normal, lo que nos es normal es acosar a quien es diferente. No nos equivoquemos. No perdamos el norte. Es que estamos confundi\u00e9ndolo todo y as\u00ed nos va&#8230;, en la escuela y en los campos de f\u00fatbol.<\/p>\n","protected":false},"excerpt":{"rendered":"<p>Buenas, soy Emilio Calatayud. Chavales, y no es la primera vez que lo digo, ser t\u00edmido, tener gafas o ser de un color distinto al blanco es normal, lo que nos es normal es acosar a quien es diferente. No nos equivoquemos. No perdamos el norte. Es que estamos confundi\u00e9ndolo todo y as\u00ed nos va&#8230;, [&hellip;]<\/p>\n","protected":false},"author":1,"featured_media":0,"comment_status":"open","ping_status":"open","sticky":false,"template":"","format":"standard","meta":{"jetpack_post_was_ever_published":false,"_jetpack_newsletter_access":"","_jetpack_dont_email_post_to_subs":false,"_jetpack_newsletter_tier_id":0,"_jetpack_memberships_contains_paywalled_content":false,"_jetpack_memberships_contains_paid_content":false,"footnotes":""},"categories":[],"tags":[97,878],"class_list":["post-17836","post","type-post","status-publish","format-standard","hentry","tag-acoso","tag-futbol"],"jetpack_featured_media_url":"","jetpack_shortlink":"https:\/\/wp.me\/p5fzW5-4DG","jetpack-related-posts":[],"jetpack_sharing_enabled":true,"_links":{"self":[{"href":"https:\/\/www.granadablogs.com\/juezcalatayud\/wp-json\/wp\/v2\/posts\/17836","targetHints":{"allow":["GET"]}}],"collection":[{"href":"https:\/\/www.granadablogs.com\/juezcalatayud\/wp-json\/wp\/v2\/posts"}],"about":[{"href":"https:\/\/www.granadablogs.com\/juezcalatayud\/wp-json\/wp\/v2\/types\/post"}],"author":[{"embeddable":true,"href":"https:\/\/www.granadablogs.com\/juezcalatayud\/wp-json\/wp\/v2\/users\/1"}],"replies":[{"embeddable":true,"href":"https:\/\/www.granadablogs.com\/juezcalatayud\/wp-json\/wp\/v2\/comments?post=17836"}],"version-history":[{"count":4,"href":"https:\/\/www.granadablogs.com\/juezcalatayud\/wp-json\/wp\/v2\/posts\/17836\/revisions"}],"predecessor-version":[{"id":17840,"href":"https:\/\/www.granadablogs.com\/juezcalatayud\/wp-json\/wp\/v2\/posts\/17836\/revisions\/17840"}],"wp:attachment":[{"href":"https:\/\/www.granadablogs.com\/juezcalatayud\/wp-json\/wp\/v2\/media?parent=17836"}],"wp:term":[{"taxonomy":"category","embeddable":true,"href":"https:\/\/www.granadablogs.com\/juezcalatayud\/wp-json\/wp\/v2\/categories?post=17836"},{"taxonomy":"post_tag","embeddable":true,"href":"https:\/\/www.granadablogs.com\/juezcalatayud\/wp-json\/wp\/v2\/tags?post=17836"}],"curies":[{"name":"wp","href":"https:\/\/api.w.org\/{rel}","templated":true}]}}