{"id":17761,"date":"2023-05-08T20:52:36","date_gmt":"2023-05-08T18:52:36","guid":{"rendered":"https:\/\/www.granadablogs.com\/juezcalatayud\/?p=17761"},"modified":"2023-05-08T20:52:36","modified_gmt":"2023-05-08T18:52:36","slug":"este-seria-un-buen-lema-electoral-seremos-humildes-honrados-y-educados-porque-hay-muchos-que-van-sobraos","status":"publish","type":"post","link":"https:\/\/www.granadablogs.com\/juezcalatayud\/2023\/05\/este-seria-un-buen-lema-electoral-seremos-humildes-honrados-y-educados-porque-hay-muchos-que-van-sobraos\/","title":{"rendered":"Este ser\u00eda un buen lema electoral: &#8216;Seremos humildes, honrados y educados&#8217;, porque hay muchos que van &#8216;sobraos&#8217;"},"content":{"rendered":"<figure id=\"attachment_15604\" aria-describedby=\"caption-attachment-15604\" style=\"width: 1374px\" class=\"wp-caption alignnone\"><a href=\"https:\/\/www.granadablogs.com\/juezcalatayud\/wp-content\/uploads\/2021\/11\/MIlio-1.jpg\"><img loading=\"lazy\" decoding=\"async\" class=\"size-full wp-image-15604\" src=\"https:\/\/www.granadablogs.com\/juezcalatayud\/wp-content\/uploads\/2021\/11\/MIlio-1.jpg\" alt=\"\" width=\"1374\" height=\"916\" srcset=\"https:\/\/www.granadablogs.com\/juezcalatayud\/wp-content\/uploads\/2021\/11\/MIlio-1.jpg 1374w, https:\/\/www.granadablogs.com\/juezcalatayud\/wp-content\/uploads\/2021\/11\/MIlio-1-300x200.jpg 300w, https:\/\/www.granadablogs.com\/juezcalatayud\/wp-content\/uploads\/2021\/11\/MIlio-1-644x429.jpg 644w, https:\/\/www.granadablogs.com\/juezcalatayud\/wp-content\/uploads\/2021\/11\/MIlio-1-768x512.jpg 768w\" sizes=\"auto, (max-width: 1374px) 100vw, 1374px\" \/><\/a><figcaption id=\"caption-attachment-15604\" class=\"wp-caption-text\">Foto: Pepe Mar\u00edn<\/figcaption><\/figure>\n<p>Buenas, soy Emilio Calatayud. En Espa\u00f1a, y en el mundo en general, hace falta m\u00e1s humildad. Sobre todo, entre nuestros representantes p\u00fablicos. Hay muchos que van &#8216;sobraos&#8217;. As\u00ed que he pensado que un buen lema para las elecciones que se avecinan pod\u00eda ser el siguiente: &#8216;Seremos humildes, honrados y educados&#8217;. Si la mayor\u00eda cumpliesen esa promesa, Espa\u00f1a y los espa\u00f1oles lo agradecer\u00edamos.<\/p>\n","protected":false},"excerpt":{"rendered":"<p>Buenas, soy Emilio Calatayud. En Espa\u00f1a, y en el mundo en general, hace falta m\u00e1s humildad. Sobre todo, entre nuestros representantes p\u00fablicos. Hay muchos que van &#8216;sobraos&#8217;. As\u00ed que he pensado que un buen lema para las elecciones que se avecinan pod\u00eda ser el siguiente: &#8216;Seremos humildes, honrados y educados&#8217;. Si la mayor\u00eda cumpliesen esa [&hellip;]<\/p>\n","protected":false},"author":1,"featured_media":0,"comment_status":"open","ping_status":"open","sticky":false,"template":"","format":"standard","meta":{"jetpack_post_was_ever_published":false,"_jetpack_newsletter_access":"","_jetpack_dont_email_post_to_subs":false,"_jetpack_newsletter_tier_id":0,"_jetpack_memberships_contains_paywalled_content":false,"_jetpack_memberships_contains_paid_content":false,"footnotes":""},"categories":[],"tags":[793,2212],"class_list":["post-17761","post","type-post","status-publish","format-standard","hentry","tag-elecciones","tag-humildad"],"jetpack_featured_media_url":"","jetpack_shortlink":"https:\/\/wp.me\/p5fzW5-4Ct","jetpack-related-posts":[],"jetpack_sharing_enabled":true,"_links":{"self":[{"href":"https:\/\/www.granadablogs.com\/juezcalatayud\/wp-json\/wp\/v2\/posts\/17761","targetHints":{"allow":["GET"]}}],"collection":[{"href":"https:\/\/www.granadablogs.com\/juezcalatayud\/wp-json\/wp\/v2\/posts"}],"about":[{"href":"https:\/\/www.granadablogs.com\/juezcalatayud\/wp-json\/wp\/v2\/types\/post"}],"author":[{"embeddable":true,"href":"https:\/\/www.granadablogs.com\/juezcalatayud\/wp-json\/wp\/v2\/users\/1"}],"replies":[{"embeddable":true,"href":"https:\/\/www.granadablogs.com\/juezcalatayud\/wp-json\/wp\/v2\/comments?post=17761"}],"version-history":[{"count":3,"href":"https:\/\/www.granadablogs.com\/juezcalatayud\/wp-json\/wp\/v2\/posts\/17761\/revisions"}],"predecessor-version":[{"id":17764,"href":"https:\/\/www.granadablogs.com\/juezcalatayud\/wp-json\/wp\/v2\/posts\/17761\/revisions\/17764"}],"wp:attachment":[{"href":"https:\/\/www.granadablogs.com\/juezcalatayud\/wp-json\/wp\/v2\/media?parent=17761"}],"wp:term":[{"taxonomy":"category","embeddable":true,"href":"https:\/\/www.granadablogs.com\/juezcalatayud\/wp-json\/wp\/v2\/categories?post=17761"},{"taxonomy":"post_tag","embeddable":true,"href":"https:\/\/www.granadablogs.com\/juezcalatayud\/wp-json\/wp\/v2\/tags?post=17761"}],"curies":[{"name":"wp","href":"https:\/\/api.w.org\/{rel}","templated":true}]}}