{"id":17738,"date":"2023-05-03T20:53:36","date_gmt":"2023-05-03T18:53:36","guid":{"rendered":"https:\/\/www.granadablogs.com\/juezcalatayud\/?p=17738"},"modified":"2023-05-03T20:53:36","modified_gmt":"2023-05-03T18:53:36","slug":"si-los-padres-de-los-acosadores-no-se-pusieran-de-su-lado-ni-hubiera-colegios-que-tapan-no-harian-falta-protocolos","status":"publish","type":"post","link":"https:\/\/www.granadablogs.com\/juezcalatayud\/2023\/05\/si-los-padres-de-los-acosadores-no-se-pusieran-de-su-lado-ni-hubiera-colegios-que-tapan-no-harian-falta-protocolos\/","title":{"rendered":"Si los padres de los acosadores no se pusieran de su lado ni hubiera colegios que tapan no har\u00edan falta protocolos"},"content":{"rendered":"<p>&nbsp;<\/p>\n<p><a href=\"https:\/\/www.granadablogs.com\/juezcalatayud\/wp-content\/uploads\/2018\/08\/emilio-calatayud.jpg\"><img loading=\"lazy\" decoding=\"async\" class=\"alignnone size-full wp-image-9067\" src=\"https:\/\/www.granadablogs.com\/juezcalatayud\/wp-content\/uploads\/2018\/08\/emilio-calatayud.jpg\" alt=\"\" width=\"624\" height=\"385\" srcset=\"https:\/\/www.granadablogs.com\/juezcalatayud\/wp-content\/uploads\/2018\/08\/emilio-calatayud.jpg 624w, https:\/\/www.granadablogs.com\/juezcalatayud\/wp-content\/uploads\/2018\/08\/emilio-calatayud-300x185.jpg 300w\" sizes=\"auto, (max-width: 624px) 100vw, 624px\" \/><\/a><\/p>\n<p>Buenas, soy Emilio Calatayud. Lo dije en la TVE y lo repito aqu\u00ed: el acoso escolar ser\u00eda un fen\u00f3meno residual si los padres de los matones no se pusieran de su lado ni hubiera colegios que tapasen o ni\u00f1os que les r\u00eden las gracias. Si todo eso ocurriese no har\u00edan falta protocolos. Pero, por desgracia, hay padres, colegios y chavales que ocultan el acoso.\u00a0 Y pasa lo que pasa.<\/p>\n<p>De todas formas, soy esc\u00e9ptico ante los protocolos.\u00a0 Los delitos son delitos.<\/p>\n","protected":false},"excerpt":{"rendered":"<p>&nbsp; Buenas, soy Emilio Calatayud. Lo dije en la TVE y lo repito aqu\u00ed: el acoso escolar ser\u00eda un fen\u00f3meno residual si los padres de los matones no se pusieran de su lado ni hubiera colegios que tapasen o ni\u00f1os que les r\u00eden las gracias. Si todo eso ocurriese no har\u00edan falta protocolos. Pero, por [&hellip;]<\/p>\n","protected":false},"author":1,"featured_media":0,"comment_status":"open","ping_status":"open","sticky":false,"template":"","format":"standard","meta":{"jetpack_post_was_ever_published":false,"_jetpack_newsletter_access":"","_jetpack_dont_email_post_to_subs":false,"_jetpack_newsletter_tier_id":0,"_jetpack_memberships_contains_paywalled_content":false,"_jetpack_memberships_contains_paid_content":false,"footnotes":""},"categories":[],"tags":[97,648],"class_list":["post-17738","post","type-post","status-publish","format-standard","hentry","tag-acoso","tag-escolar"],"jetpack_featured_media_url":"","jetpack_shortlink":"https:\/\/wp.me\/p5fzW5-4C6","jetpack-related-posts":[],"jetpack_sharing_enabled":true,"_links":{"self":[{"href":"https:\/\/www.granadablogs.com\/juezcalatayud\/wp-json\/wp\/v2\/posts\/17738","targetHints":{"allow":["GET"]}}],"collection":[{"href":"https:\/\/www.granadablogs.com\/juezcalatayud\/wp-json\/wp\/v2\/posts"}],"about":[{"href":"https:\/\/www.granadablogs.com\/juezcalatayud\/wp-json\/wp\/v2\/types\/post"}],"author":[{"embeddable":true,"href":"https:\/\/www.granadablogs.com\/juezcalatayud\/wp-json\/wp\/v2\/users\/1"}],"replies":[{"embeddable":true,"href":"https:\/\/www.granadablogs.com\/juezcalatayud\/wp-json\/wp\/v2\/comments?post=17738"}],"version-history":[{"count":6,"href":"https:\/\/www.granadablogs.com\/juezcalatayud\/wp-json\/wp\/v2\/posts\/17738\/revisions"}],"predecessor-version":[{"id":17744,"href":"https:\/\/www.granadablogs.com\/juezcalatayud\/wp-json\/wp\/v2\/posts\/17738\/revisions\/17744"}],"wp:attachment":[{"href":"https:\/\/www.granadablogs.com\/juezcalatayud\/wp-json\/wp\/v2\/media?parent=17738"}],"wp:term":[{"taxonomy":"category","embeddable":true,"href":"https:\/\/www.granadablogs.com\/juezcalatayud\/wp-json\/wp\/v2\/categories?post=17738"},{"taxonomy":"post_tag","embeddable":true,"href":"https:\/\/www.granadablogs.com\/juezcalatayud\/wp-json\/wp\/v2\/tags?post=17738"}],"curies":[{"name":"wp","href":"https:\/\/api.w.org\/{rel}","templated":true}]}}