{"id":17367,"date":"2023-02-11T20:48:42","date_gmt":"2023-02-11T18:48:42","guid":{"rendered":"https:\/\/www.granadablogs.com\/juezcalatayud\/?p=17367"},"modified":"2023-02-11T20:48:42","modified_gmt":"2023-02-11T18:48:42","slug":"los-profes-se-quejan-de-que-los-adolescentes-no-callan-en-clase-y-los-padres-de-que-en-casa-no-hablan","status":"publish","type":"post","link":"https:\/\/www.granadablogs.com\/juezcalatayud\/2023\/02\/los-profes-se-quejan-de-que-los-adolescentes-no-callan-en-clase-y-los-padres-de-que-en-casa-no-hablan\/","title":{"rendered":"Los profes se quejan de que los adolescentes no callan en clase y los padres de que en casa no hablan"},"content":{"rendered":"<p><a href=\"https:\/\/www.granadablogs.com\/juezcalatayud\/wp-content\/uploads\/2019\/08\/Emil-avisa.jpg\"><img loading=\"lazy\" decoding=\"async\" class=\"alignnone wp-image-11129 size-large\" src=\"https:\/\/www.granadablogs.com\/juezcalatayud\/wp-content\/uploads\/2019\/08\/Emil-avisa-644x362.jpg\" alt=\"\" width=\"644\" height=\"362\" srcset=\"https:\/\/www.granadablogs.com\/juezcalatayud\/wp-content\/uploads\/2019\/08\/Emil-avisa-644x362.jpg 644w, https:\/\/www.granadablogs.com\/juezcalatayud\/wp-content\/uploads\/2019\/08\/Emil-avisa-300x169.jpg 300w, https:\/\/www.granadablogs.com\/juezcalatayud\/wp-content\/uploads\/2019\/08\/Emil-avisa.jpg 660w\" sizes=\"auto, (max-width: 644px) 100vw, 644px\" \/><\/a><\/p>\n<p>Buenas, soy Emilio Calatayud. Recientemente, un profe de la ESO anunci\u00f3 que tiraba la toalla porque\u00a0 sus alumnos se pasaban toda la clase hablando e incluso gritando.\u00a0 No era una excepci\u00f3n. El ambiente en muchos institutos suele ser bastante hostil para la ense\u00f1anza.<\/p>\n<p>Lo curioso es que esos mismos ni\u00f1os que sabotean las clases con su verborrea, no dicen\u00a0 ni una palabra cuando llegan a casa. Se encierran en su habitaci\u00f3n\u00a0 y\u00a0 callan.<\/p>\n<p>En resumen,\u00a0 que los profes se quejan de que los adolescentes no callan en las aulas y los padres de que en casa no hablan.\u00a0 Y no se sabe qu\u00e9 es peor.<\/p>\n<p>Eso\u00a0 s\u00ed, dicen que los hijos dan muchas satisfacciones.<\/p>\n<p>&nbsp;<\/p>\n","protected":false},"excerpt":{"rendered":"<p>Buenas, soy Emilio Calatayud. Recientemente, un profe de la ESO anunci\u00f3 que tiraba la toalla porque\u00a0 sus alumnos se pasaban toda la clase hablando e incluso gritando.\u00a0 No era una excepci\u00f3n. El ambiente en muchos institutos suele ser bastante hostil para la ense\u00f1anza. Lo curioso es que esos mismos ni\u00f1os que sabotean las clases con [&hellip;]<\/p>\n","protected":false},"author":1,"featured_media":0,"comment_status":"open","ping_status":"open","sticky":false,"template":"","format":"standard","meta":{"jetpack_post_was_ever_published":false,"_jetpack_newsletter_access":"","_jetpack_dont_email_post_to_subs":false,"_jetpack_newsletter_tier_id":0,"_jetpack_memberships_contains_paywalled_content":false,"_jetpack_memberships_contains_paid_content":false,"footnotes":""},"categories":[],"tags":[60,2262,1023],"class_list":["post-17367","post","type-post","status-publish","format-standard","hentry","tag-adolescentes","tag-callar","tag-hablar"],"jetpack_featured_media_url":"","jetpack_shortlink":"https:\/\/wp.me\/p5fzW5-4w7","jetpack-related-posts":[],"jetpack_sharing_enabled":true,"_links":{"self":[{"href":"https:\/\/www.granadablogs.com\/juezcalatayud\/wp-json\/wp\/v2\/posts\/17367","targetHints":{"allow":["GET"]}}],"collection":[{"href":"https:\/\/www.granadablogs.com\/juezcalatayud\/wp-json\/wp\/v2\/posts"}],"about":[{"href":"https:\/\/www.granadablogs.com\/juezcalatayud\/wp-json\/wp\/v2\/types\/post"}],"author":[{"embeddable":true,"href":"https:\/\/www.granadablogs.com\/juezcalatayud\/wp-json\/wp\/v2\/users\/1"}],"replies":[{"embeddable":true,"href":"https:\/\/www.granadablogs.com\/juezcalatayud\/wp-json\/wp\/v2\/comments?post=17367"}],"version-history":[{"count":2,"href":"https:\/\/www.granadablogs.com\/juezcalatayud\/wp-json\/wp\/v2\/posts\/17367\/revisions"}],"predecessor-version":[{"id":17369,"href":"https:\/\/www.granadablogs.com\/juezcalatayud\/wp-json\/wp\/v2\/posts\/17367\/revisions\/17369"}],"wp:attachment":[{"href":"https:\/\/www.granadablogs.com\/juezcalatayud\/wp-json\/wp\/v2\/media?parent=17367"}],"wp:term":[{"taxonomy":"category","embeddable":true,"href":"https:\/\/www.granadablogs.com\/juezcalatayud\/wp-json\/wp\/v2\/categories?post=17367"},{"taxonomy":"post_tag","embeddable":true,"href":"https:\/\/www.granadablogs.com\/juezcalatayud\/wp-json\/wp\/v2\/tags?post=17367"}],"curies":[{"name":"wp","href":"https:\/\/api.w.org\/{rel}","templated":true}]}}