{"id":17340,"date":"2023-02-05T21:07:45","date_gmt":"2023-02-05T19:07:45","guid":{"rendered":"https:\/\/www.granadablogs.com\/juezcalatayud\/?p=17340"},"modified":"2023-02-05T21:07:45","modified_gmt":"2023-02-05T19:07:45","slug":"si-os-han-vendido-una-aplicacion-que-educa-a-los-hijos-os-han-timado","status":"publish","type":"post","link":"https:\/\/www.granadablogs.com\/juezcalatayud\/2023\/02\/si-os-han-vendido-una-aplicacion-que-educa-a-los-hijos-os-han-timado\/","title":{"rendered":"Si os han vendido una &#8216;aplicaci\u00f3n&#8217; que educa a los hijos os han timado"},"content":{"rendered":"<figure id=\"attachment_13222\" aria-describedby=\"caption-attachment-13222\" style=\"width: 644px\" class=\"wp-caption alignnone\"><a href=\"https:\/\/www.granadablogs.com\/juezcalatayud\/wp-content\/uploads\/2020\/07\/Emil-nueva-tres.jpg\"><img loading=\"lazy\" decoding=\"async\" class=\"wp-image-13222 size-large\" src=\"https:\/\/www.granadablogs.com\/juezcalatayud\/wp-content\/uploads\/2020\/07\/Emil-nueva-tres-644x429.jpg\" alt=\"\" width=\"644\" height=\"429\" srcset=\"https:\/\/www.granadablogs.com\/juezcalatayud\/wp-content\/uploads\/2020\/07\/Emil-nueva-tres-644x429.jpg 644w, https:\/\/www.granadablogs.com\/juezcalatayud\/wp-content\/uploads\/2020\/07\/Emil-nueva-tres-300x200.jpg 300w, https:\/\/www.granadablogs.com\/juezcalatayud\/wp-content\/uploads\/2020\/07\/Emil-nueva-tres-768x512.jpg 768w\" sizes=\"auto, (max-width: 644px) 100vw, 644px\" \/><\/a><figcaption id=\"caption-attachment-13222\" class=\"wp-caption-text\">Foto: Pepe Mar\u00edn<\/figcaption><\/figure>\n<p>Buenas, soy Emilio Calatayud. La educaci\u00f3n\u00a0 de los hijos corresponde a los padres. Lo aclaro porque hay personas que creen que, por ejemplo, pueden delegar esa responsabilidad en un colegio (normalmente privado y que cuesta una pasta). Incorrecto.\u00a0 No existen los padres de alquiler. Ni tampoco las &#8216;aplicaciones&#8217; para el m\u00f3vil que educan a los hijos. Ni tutoriales. Si os han vendido algo as\u00ed, os ha timado.<\/p>\n<p>Os lo ten\u00e9is que currar vosotros. No hay atajos. Eso s\u00ed, tener hijos es una alegr\u00eda. Eso dicen.<\/p>\n<p>&nbsp;<\/p>\n","protected":false},"excerpt":{"rendered":"<p>Buenas, soy Emilio Calatayud. La educaci\u00f3n\u00a0 de los hijos corresponde a los padres. Lo aclaro porque hay personas que creen que, por ejemplo, pueden delegar esa responsabilidad en un colegio (normalmente privado y que cuesta una pasta). Incorrecto.\u00a0 No existen los padres de alquiler. Ni tampoco las &#8216;aplicaciones&#8217; para el m\u00f3vil que educan a los [&hellip;]<\/p>\n","protected":false},"author":1,"featured_media":0,"comment_status":"open","ping_status":"open","sticky":false,"template":"","format":"standard","meta":{"jetpack_post_was_ever_published":false,"_jetpack_newsletter_access":"","_jetpack_dont_email_post_to_subs":false,"_jetpack_newsletter_tier_id":0,"_jetpack_memberships_contains_paywalled_content":false,"_jetpack_memberships_contains_paid_content":false,"footnotes":""},"categories":[],"tags":[3368,332,189],"class_list":["post-17340","post","type-post","status-publish","format-standard","hentry","tag-aplicacion","tag-educar","tag-hijos"],"jetpack_featured_media_url":"","jetpack_shortlink":"https:\/\/wp.me\/p5fzW5-4vG","jetpack-related-posts":[],"jetpack_sharing_enabled":true,"_links":{"self":[{"href":"https:\/\/www.granadablogs.com\/juezcalatayud\/wp-json\/wp\/v2\/posts\/17340","targetHints":{"allow":["GET"]}}],"collection":[{"href":"https:\/\/www.granadablogs.com\/juezcalatayud\/wp-json\/wp\/v2\/posts"}],"about":[{"href":"https:\/\/www.granadablogs.com\/juezcalatayud\/wp-json\/wp\/v2\/types\/post"}],"author":[{"embeddable":true,"href":"https:\/\/www.granadablogs.com\/juezcalatayud\/wp-json\/wp\/v2\/users\/1"}],"replies":[{"embeddable":true,"href":"https:\/\/www.granadablogs.com\/juezcalatayud\/wp-json\/wp\/v2\/comments?post=17340"}],"version-history":[{"count":1,"href":"https:\/\/www.granadablogs.com\/juezcalatayud\/wp-json\/wp\/v2\/posts\/17340\/revisions"}],"predecessor-version":[{"id":17341,"href":"https:\/\/www.granadablogs.com\/juezcalatayud\/wp-json\/wp\/v2\/posts\/17340\/revisions\/17341"}],"wp:attachment":[{"href":"https:\/\/www.granadablogs.com\/juezcalatayud\/wp-json\/wp\/v2\/media?parent=17340"}],"wp:term":[{"taxonomy":"category","embeddable":true,"href":"https:\/\/www.granadablogs.com\/juezcalatayud\/wp-json\/wp\/v2\/categories?post=17340"},{"taxonomy":"post_tag","embeddable":true,"href":"https:\/\/www.granadablogs.com\/juezcalatayud\/wp-json\/wp\/v2\/tags?post=17340"}],"curies":[{"name":"wp","href":"https:\/\/api.w.org\/{rel}","templated":true}]}}