{"id":17333,"date":"2023-02-03T20:58:54","date_gmt":"2023-02-03T18:58:54","guid":{"rendered":"https:\/\/www.granadablogs.com\/juezcalatayud\/?p=17333"},"modified":"2023-02-03T20:58:54","modified_gmt":"2023-02-03T18:58:54","slug":"si-no-ensenas-a-tu-hijo-a-resolver-sus-problemas-al-final-el-sera-el-problema","status":"publish","type":"post","link":"https:\/\/www.granadablogs.com\/juezcalatayud\/2023\/02\/si-no-ensenas-a-tu-hijo-a-resolver-sus-problemas-al-final-el-sera-el-problema\/","title":{"rendered":"Si no ense\u00f1as a tu hijo a resolver sus problemas, al final \u00e9l ser\u00e1 el problema"},"content":{"rendered":"<p>&nbsp;<\/p>\n<figure id=\"attachment_10129\" aria-describedby=\"caption-attachment-10129\" style=\"width: 644px\" class=\"wp-caption alignnone\"><a href=\"https:\/\/www.granadablogs.com\/juezcalatayud\/wp-content\/uploads\/2019\/02\/Emil.jpg\"><img loading=\"lazy\" decoding=\"async\" class=\"wp-image-10129 size-large\" src=\"https:\/\/www.granadablogs.com\/juezcalatayud\/wp-content\/uploads\/2019\/02\/Emil-644x430.jpg\" alt=\"\" width=\"644\" height=\"430\" srcset=\"https:\/\/www.granadablogs.com\/juezcalatayud\/wp-content\/uploads\/2019\/02\/Emil-644x430.jpg 644w, https:\/\/www.granadablogs.com\/juezcalatayud\/wp-content\/uploads\/2019\/02\/Emil-300x200.jpg 300w, https:\/\/www.granadablogs.com\/juezcalatayud\/wp-content\/uploads\/2019\/02\/Emil-768x513.jpg 768w\" sizes=\"auto, (max-width: 644px) 100vw, 644px\" \/><\/a><figcaption id=\"caption-attachment-10129\" class=\"wp-caption-text\">Foto: Efe<\/figcaption><\/figure>\n<p>Buenas, soy Emilio Calatayud. La periodista y\u00a0 escritora Eva Millet, que ha reflexionado mucho y muy bien sobre los efectos secundarios de la hiperprotecci\u00f3n de los hijos, cuenta el caso de una estudiante extrajera que se qued\u00f3 encerrada en un ascensor en Espa\u00f1a y lo \u00fanico que se le ocurri\u00f3 fue llamar a sus padres para ver qu\u00e9 hac\u00eda. Si no ense\u00f1as a tu hijo a resolver sus problemas, al final \u00e9l ser\u00e1 el problema.\u00a0 Y no queremos eso para nuestros hijos, \u00bfverdad?<\/p>\n","protected":false},"excerpt":{"rendered":"<p>&nbsp; Buenas, soy Emilio Calatayud. La periodista y\u00a0 escritora Eva Millet, que ha reflexionado mucho y muy bien sobre los efectos secundarios de la hiperprotecci\u00f3n de los hijos, cuenta el caso de una estudiante extrajera que se qued\u00f3 encerrada en un ascensor en Espa\u00f1a y lo \u00fanico que se le ocurri\u00f3 fue llamar a sus [&hellip;]<\/p>\n","protected":false},"author":1,"featured_media":0,"comment_status":"open","ping_status":"open","sticky":false,"template":"","format":"standard","meta":{"jetpack_post_was_ever_published":false,"_jetpack_newsletter_access":"","_jetpack_dont_email_post_to_subs":false,"_jetpack_newsletter_tier_id":0,"_jetpack_memberships_contains_paywalled_content":false,"_jetpack_memberships_contains_paid_content":false,"footnotes":""},"categories":[],"tags":[189,92,3367],"class_list":["post-17333","post","type-post","status-publish","format-standard","hentry","tag-hijos","tag-problemas","tag-resolver"],"jetpack_featured_media_url":"","jetpack_shortlink":"https:\/\/wp.me\/p5fzW5-4vz","jetpack-related-posts":[],"jetpack_sharing_enabled":true,"_links":{"self":[{"href":"https:\/\/www.granadablogs.com\/juezcalatayud\/wp-json\/wp\/v2\/posts\/17333","targetHints":{"allow":["GET"]}}],"collection":[{"href":"https:\/\/www.granadablogs.com\/juezcalatayud\/wp-json\/wp\/v2\/posts"}],"about":[{"href":"https:\/\/www.granadablogs.com\/juezcalatayud\/wp-json\/wp\/v2\/types\/post"}],"author":[{"embeddable":true,"href":"https:\/\/www.granadablogs.com\/juezcalatayud\/wp-json\/wp\/v2\/users\/1"}],"replies":[{"embeddable":true,"href":"https:\/\/www.granadablogs.com\/juezcalatayud\/wp-json\/wp\/v2\/comments?post=17333"}],"version-history":[{"count":2,"href":"https:\/\/www.granadablogs.com\/juezcalatayud\/wp-json\/wp\/v2\/posts\/17333\/revisions"}],"predecessor-version":[{"id":17335,"href":"https:\/\/www.granadablogs.com\/juezcalatayud\/wp-json\/wp\/v2\/posts\/17333\/revisions\/17335"}],"wp:attachment":[{"href":"https:\/\/www.granadablogs.com\/juezcalatayud\/wp-json\/wp\/v2\/media?parent=17333"}],"wp:term":[{"taxonomy":"category","embeddable":true,"href":"https:\/\/www.granadablogs.com\/juezcalatayud\/wp-json\/wp\/v2\/categories?post=17333"},{"taxonomy":"post_tag","embeddable":true,"href":"https:\/\/www.granadablogs.com\/juezcalatayud\/wp-json\/wp\/v2\/tags?post=17333"}],"curies":[{"name":"wp","href":"https:\/\/api.w.org\/{rel}","templated":true}]}}