{"id":16970,"date":"2022-11-05T21:12:28","date_gmt":"2022-11-05T19:12:28","guid":{"rendered":"https:\/\/www.granadablogs.com\/juezcalatayud\/?p=16970"},"modified":"2022-11-05T21:12:28","modified_gmt":"2022-11-05T19:12:28","slug":"queria-un-sueldo-fijo-y-por-eso-me-hice-juez-no-tenia-vocacion-pero-acerte","status":"publish","type":"post","link":"https:\/\/www.granadablogs.com\/juezcalatayud\/2022\/11\/queria-un-sueldo-fijo-y-por-eso-me-hice-juez-no-tenia-vocacion-pero-acerte\/","title":{"rendered":"Quer\u00eda un sueldo fijo y por eso me hice juez, no ten\u00eda vocaci\u00f3n, pero acert\u00e9"},"content":{"rendered":"<p>&nbsp;<\/p>\n<figure id=\"attachment_8783\" aria-describedby=\"caption-attachment-8783\" style=\"width: 624px\" class=\"wp-caption alignnone\"><a href=\"https:\/\/www.granadablogs.com\/juezcalatayud\/wp-content\/uploads\/2018\/07\/cero-y-Emilio.jpg\"><img loading=\"lazy\" decoding=\"async\" class=\"wp-image-8783 size-full\" src=\"https:\/\/www.granadablogs.com\/juezcalatayud\/wp-content\/uploads\/2018\/07\/cero-y-Emilio.jpg\" alt=\"\" width=\"624\" height=\"385\" srcset=\"https:\/\/www.granadablogs.com\/juezcalatayud\/wp-content\/uploads\/2018\/07\/cero-y-Emilio.jpg 624w, https:\/\/www.granadablogs.com\/juezcalatayud\/wp-content\/uploads\/2018\/07\/cero-y-Emilio-300x185.jpg 300w\" sizes=\"auto, (max-width: 624px) 100vw, 624px\" \/><\/a><figcaption id=\"caption-attachment-8783\" class=\"wp-caption-text\">ideal.es<\/figcaption><\/figure>\n<p>Buenas, soy Emilio Calatayud. Tras licenciarme en Derecho, ejerc\u00ed como abogado durante un tiempo, pero no me gustaba. Despu\u00e9s fui vendedor, pero era duro. Yo lo que quer\u00eda era un sueldo fijo y por eso me hice juez. No ten\u00eda vocaci\u00f3n, pero acert\u00e9.<\/p>\n<p>Lo que quiero decir es que podemos llegar a encontrar la profesi\u00f3n de nuestra vida casi sin pretenderlo. Yo ahora no la cambio por nada.<\/p>\n","protected":false},"excerpt":{"rendered":"<p>&nbsp; Buenas, soy Emilio Calatayud. Tras licenciarme en Derecho, ejerc\u00ed como abogado durante un tiempo, pero no me gustaba. Despu\u00e9s fui vendedor, pero era duro. Yo lo que quer\u00eda era un sueldo fijo y por eso me hice juez. No ten\u00eda vocaci\u00f3n, pero acert\u00e9. Lo que quiero decir es que podemos llegar a encontrar la [&hellip;]<\/p>\n","protected":false},"author":1,"featured_media":0,"comment_status":"open","ping_status":"open","sticky":false,"template":"","format":"standard","meta":{"jetpack_post_was_ever_published":false,"_jetpack_newsletter_access":"","_jetpack_dont_email_post_to_subs":false,"_jetpack_newsletter_tier_id":0,"_jetpack_memberships_contains_paywalled_content":false,"_jetpack_memberships_contains_paid_content":false,"footnotes":""},"categories":[],"tags":[522,3176],"class_list":["post-16970","post","type-post","status-publish","format-standard","hentry","tag-juez","tag-sueldo-fijo"],"jetpack_featured_media_url":"","jetpack_shortlink":"https:\/\/wp.me\/p5fzW5-4pI","jetpack-related-posts":[],"jetpack_sharing_enabled":true,"_links":{"self":[{"href":"https:\/\/www.granadablogs.com\/juezcalatayud\/wp-json\/wp\/v2\/posts\/16970","targetHints":{"allow":["GET"]}}],"collection":[{"href":"https:\/\/www.granadablogs.com\/juezcalatayud\/wp-json\/wp\/v2\/posts"}],"about":[{"href":"https:\/\/www.granadablogs.com\/juezcalatayud\/wp-json\/wp\/v2\/types\/post"}],"author":[{"embeddable":true,"href":"https:\/\/www.granadablogs.com\/juezcalatayud\/wp-json\/wp\/v2\/users\/1"}],"replies":[{"embeddable":true,"href":"https:\/\/www.granadablogs.com\/juezcalatayud\/wp-json\/wp\/v2\/comments?post=16970"}],"version-history":[{"count":1,"href":"https:\/\/www.granadablogs.com\/juezcalatayud\/wp-json\/wp\/v2\/posts\/16970\/revisions"}],"predecessor-version":[{"id":16971,"href":"https:\/\/www.granadablogs.com\/juezcalatayud\/wp-json\/wp\/v2\/posts\/16970\/revisions\/16971"}],"wp:attachment":[{"href":"https:\/\/www.granadablogs.com\/juezcalatayud\/wp-json\/wp\/v2\/media?parent=16970"}],"wp:term":[{"taxonomy":"category","embeddable":true,"href":"https:\/\/www.granadablogs.com\/juezcalatayud\/wp-json\/wp\/v2\/categories?post=16970"},{"taxonomy":"post_tag","embeddable":true,"href":"https:\/\/www.granadablogs.com\/juezcalatayud\/wp-json\/wp\/v2\/tags?post=16970"}],"curies":[{"name":"wp","href":"https:\/\/api.w.org\/{rel}","templated":true}]}}