{"id":16898,"date":"2022-10-19T19:19:30","date_gmt":"2022-10-19T17:19:30","guid":{"rendered":"https:\/\/www.granadablogs.com\/juezcalatayud\/?p=16898"},"modified":"2022-10-19T19:19:30","modified_gmt":"2022-10-19T17:19:30","slug":"un-abrazo-de-parte-de-un-enfermo-de-cancer-para-todas-las-mujeres-que-padecen-cancer-de-mama-y-sus-cuidadores","status":"publish","type":"post","link":"https:\/\/www.granadablogs.com\/juezcalatayud\/2022\/10\/un-abrazo-de-parte-de-un-enfermo-de-cancer-para-todas-las-mujeres-que-padecen-cancer-de-mama-y-sus-cuidadores\/","title":{"rendered":"Un abrazo de parte de un enfermo de c\u00e1ncer para todas las mujeres que padecen c\u00e1ncer de mama y sus cuidadores"},"content":{"rendered":"<p>&nbsp;<\/p>\n<figure id=\"attachment_8866\" aria-describedby=\"caption-attachment-8866\" style=\"width: 624px\" class=\"wp-caption alignnone\"><a href=\"https:\/\/www.granadablogs.com\/juezcalatayud\/wp-content\/uploads\/2018\/07\/sport.jpg\"><img loading=\"lazy\" decoding=\"async\" class=\"wp-image-8866 size-full\" src=\"https:\/\/www.granadablogs.com\/juezcalatayud\/wp-content\/uploads\/2018\/07\/sport.jpg\" alt=\"\" width=\"624\" height=\"385\" srcset=\"https:\/\/www.granadablogs.com\/juezcalatayud\/wp-content\/uploads\/2018\/07\/sport.jpg 624w, https:\/\/www.granadablogs.com\/juezcalatayud\/wp-content\/uploads\/2018\/07\/sport-300x185.jpg 300w\" sizes=\"auto, (max-width: 624px) 100vw, 624px\" \/><\/a><figcaption id=\"caption-attachment-8866\" class=\"wp-caption-text\">ideal.es<\/figcaption><\/figure>\n<p>Buenas, soy Emilio Calatayud. Un abrazo y un beso de parte de un enfermo de c\u00e1ncer para todas las mujeres que padecen c\u00e1ncer de mama y sus cuidadores en este 19 de octubre,\u00a0 el d\u00eda internacional contra este tipo de tumor.<\/p>\n<p>Lo he contado m\u00e1s de una vez: un d\u00eda nos sentamos a tomar una cerveza cuatro personas y tres ten\u00edamos c\u00e1ncer. Somos muchos. Y lo m\u00e1s importante es que haya fondos para investigar. Y los abrazos y los besos, claro.<\/p>\n","protected":false},"excerpt":{"rendered":"<p>&nbsp; Buenas, soy Emilio Calatayud. Un abrazo y un beso de parte de un enfermo de c\u00e1ncer para todas las mujeres que padecen c\u00e1ncer de mama y sus cuidadores en este 19 de octubre,\u00a0 el d\u00eda internacional contra este tipo de tumor. Lo he contado m\u00e1s de una vez: un d\u00eda nos sentamos a tomar [&hellip;]<\/p>\n","protected":false},"author":1,"featured_media":0,"comment_status":"open","ping_status":"open","sticky":false,"template":"","format":"standard","meta":{"jetpack_post_was_ever_published":false,"_jetpack_newsletter_access":"","_jetpack_dont_email_post_to_subs":false,"_jetpack_newsletter_tier_id":0,"_jetpack_memberships_contains_paywalled_content":false,"_jetpack_memberships_contains_paid_content":false,"footnotes":""},"categories":[],"tags":[75,635,1346],"class_list":["post-16898","post","type-post","status-publish","format-standard","hentry","tag-cancer","tag-de","tag-mama"],"jetpack_featured_media_url":"","jetpack_shortlink":"https:\/\/wp.me\/p5fzW5-4oy","jetpack-related-posts":[],"jetpack_sharing_enabled":true,"_links":{"self":[{"href":"https:\/\/www.granadablogs.com\/juezcalatayud\/wp-json\/wp\/v2\/posts\/16898","targetHints":{"allow":["GET"]}}],"collection":[{"href":"https:\/\/www.granadablogs.com\/juezcalatayud\/wp-json\/wp\/v2\/posts"}],"about":[{"href":"https:\/\/www.granadablogs.com\/juezcalatayud\/wp-json\/wp\/v2\/types\/post"}],"author":[{"embeddable":true,"href":"https:\/\/www.granadablogs.com\/juezcalatayud\/wp-json\/wp\/v2\/users\/1"}],"replies":[{"embeddable":true,"href":"https:\/\/www.granadablogs.com\/juezcalatayud\/wp-json\/wp\/v2\/comments?post=16898"}],"version-history":[{"count":4,"href":"https:\/\/www.granadablogs.com\/juezcalatayud\/wp-json\/wp\/v2\/posts\/16898\/revisions"}],"predecessor-version":[{"id":16902,"href":"https:\/\/www.granadablogs.com\/juezcalatayud\/wp-json\/wp\/v2\/posts\/16898\/revisions\/16902"}],"wp:attachment":[{"href":"https:\/\/www.granadablogs.com\/juezcalatayud\/wp-json\/wp\/v2\/media?parent=16898"}],"wp:term":[{"taxonomy":"category","embeddable":true,"href":"https:\/\/www.granadablogs.com\/juezcalatayud\/wp-json\/wp\/v2\/categories?post=16898"},{"taxonomy":"post_tag","embeddable":true,"href":"https:\/\/www.granadablogs.com\/juezcalatayud\/wp-json\/wp\/v2\/tags?post=16898"}],"curies":[{"name":"wp","href":"https:\/\/api.w.org\/{rel}","templated":true}]}}