{"id":168,"date":"2009-04-05T16:57:49","date_gmt":"2009-04-05T15:57:49","guid":{"rendered":"http:\/\/www.granadablogs.com\/juezcalatayud\/2009\/04\/don-emilio-se-estrena-como-cofrade\/"},"modified":"2009-04-06T19:22:25","modified_gmt":"2009-04-06T18:22:25","slug":"don-emilio-se-estrena-como-cofrade","status":"publish","type":"post","link":"https:\/\/www.granadablogs.com\/juezcalatayud\/2009\/04\/don-emilio-se-estrena-como-cofrade\/","title":{"rendered":"Don Emilio se estrena como cofrade"},"content":{"rendered":"<p><img loading=\"lazy\" decoding=\"async\" class=\"aligncenter size-medium wp-image-170\" title=\"a10-442248670\" src=\"http:\/\/www.granadablogs.com\/juezcalatayud\/wp-content\/uploads\/2009\/04\/a10-442248670-300x200.jpg\" alt=\"a10-442248670\" width=\"300\" height=\"200\" srcset=\"https:\/\/www.granadablogs.com\/juezcalatayud\/wp-content\/uploads\/2009\/04\/a10-442248670-300x200.jpg 300w, https:\/\/www.granadablogs.com\/juezcalatayud\/wp-content\/uploads\/2009\/04\/a10-442248670-1024x682.jpg 1024w\" sizes=\"auto, (max-width: 300px) 100vw, 300px\" \/>Dentro de unos minutos -ya s\u00e9 que siempre doy las noticias a \u00faltima hora, pero es que me acabo de enterar-, va a salir de la Iglesia de San Pedro y San Pablo -situada en el hermos\u00edsimo Paseo de los Tristes de Granada- la procesi\u00f3n de la Sentencia y las Maravillas. Entre el s\u00e9quito, habr\u00e1 varios magistrados, ya que la citada hermandad mantiene una estrecha relaci\u00f3n con el gremio judicial. Pues bien, don Emilio, nuestro don Emilio se estrena como cofrade. Junto a \u00e9l estar\u00e1n el decano de los jueces de Granada, Antonio Moreno, o el juez de Vigilancia Penitenciaria, Pedro Joya.<\/p>\n<p>Don Emilio me ha prometido escribir un comentario para narrar su experiencia. En cuanto tengamos una imagen del &#8216;hist\u00f3rico&#8217; momento, la colgaremos por aqu\u00ed. Un saludo a todos. Y perdonad si estamos descuidando un poquillo el blog. Es que la Semana Santa -los de aqu\u00ed lo sab\u00e9is- en Andaluc\u00eda lo trastoca todo. Seas creyente o no lo seas.<\/p>\n","protected":false},"excerpt":{"rendered":"<p>Dentro de unos minutos -ya s\u00e9 que siempre doy las noticias a \u00faltima hora, pero es que me acabo de enterar-, va a salir de la Iglesia de San Pedro y San Pablo -situada en el hermos\u00edsimo Paseo de los Tristes de Granada- la procesi\u00f3n de la Sentencia y las Maravillas. Entre el s\u00e9quito, habr\u00e1 [&hellip;]<\/p>\n","protected":false},"author":3,"featured_media":0,"comment_status":"open","ping_status":"open","sticky":false,"template":"","format":"standard","meta":{"jetpack_post_was_ever_published":false,"_jetpack_newsletter_access":"","_jetpack_dont_email_post_to_subs":false,"_jetpack_newsletter_tier_id":0,"_jetpack_memberships_contains_paywalled_content":false,"_jetpack_memberships_contains_paid_content":false,"footnotes":""},"categories":[1],"tags":[27,26,25],"class_list":["post-168","post","type-post","status-publish","format-standard","hentry","category-blog","tag-emilio-calatayud","tag-maravillas","tag-semana-santa"],"jetpack_featured_media_url":"","jetpack_shortlink":"https:\/\/wp.me\/p5fzW5-2I","jetpack-related-posts":[],"jetpack_sharing_enabled":true,"_links":{"self":[{"href":"https:\/\/www.granadablogs.com\/juezcalatayud\/wp-json\/wp\/v2\/posts\/168","targetHints":{"allow":["GET"]}}],"collection":[{"href":"https:\/\/www.granadablogs.com\/juezcalatayud\/wp-json\/wp\/v2\/posts"}],"about":[{"href":"https:\/\/www.granadablogs.com\/juezcalatayud\/wp-json\/wp\/v2\/types\/post"}],"author":[{"embeddable":true,"href":"https:\/\/www.granadablogs.com\/juezcalatayud\/wp-json\/wp\/v2\/users\/3"}],"replies":[{"embeddable":true,"href":"https:\/\/www.granadablogs.com\/juezcalatayud\/wp-json\/wp\/v2\/comments?post=168"}],"version-history":[{"count":2,"href":"https:\/\/www.granadablogs.com\/juezcalatayud\/wp-json\/wp\/v2\/posts\/168\/revisions"}],"predecessor-version":[{"id":171,"href":"https:\/\/www.granadablogs.com\/juezcalatayud\/wp-json\/wp\/v2\/posts\/168\/revisions\/171"}],"wp:attachment":[{"href":"https:\/\/www.granadablogs.com\/juezcalatayud\/wp-json\/wp\/v2\/media?parent=168"}],"wp:term":[{"taxonomy":"category","embeddable":true,"href":"https:\/\/www.granadablogs.com\/juezcalatayud\/wp-json\/wp\/v2\/categories?post=168"},{"taxonomy":"post_tag","embeddable":true,"href":"https:\/\/www.granadablogs.com\/juezcalatayud\/wp-json\/wp\/v2\/tags?post=168"}],"curies":[{"name":"wp","href":"https:\/\/api.w.org\/{rel}","templated":true}]}}