{"id":1677,"date":"2012-02-18T16:21:05","date_gmt":"2012-02-18T15:21:05","guid":{"rendered":"http:\/\/www.granadablogs.com\/juezcalatayud\/?p=1677"},"modified":"2012-02-18T16:21:05","modified_gmt":"2012-02-18T15:21:05","slug":"manuel","status":"publish","type":"post","link":"https:\/\/www.granadablogs.com\/juezcalatayud\/2012\/02\/manuel\/","title":{"rendered":"Manuel"},"content":{"rendered":"<p>Manuel, un joven gitano de 30 a\u00f1os que padece una distrofia muscular que le impide hasta respirar, asisti\u00f3 ayer al concierto que dio El Barrio en Granada. La historia completa est\u00e1 en http:\/\/www.ideal.es\/granada\/20120218\/local\/granada\/escapa-hospital-barrio-201202180128.html y es de mi compa\u00f1era \u00c1ngeles Pe\u00f1alver. Para que Manuel, que llevaba quince a\u00f1os sin salir del hospital granadino de San Rafael -una instituci\u00f3n mod\u00e9lica-, pudiera ver El Barrio fue necesaria la colaboraci\u00f3n desinteresada de un mont\u00f3n de gente y, especialmente, de las enfermeras y auxiliares que atienden a diario al paciente. No es sentimentalismo barato, pero estas personas son las que son imprescindibles de verdad. Pero, en cambio, los sueldazos se los llevan los banqueros, los especuladores etc. Es el mundo al rev\u00e9s. Tenemos una revoluci\u00f3n pendiente: dar a cada uno lo que se merece. Y salvar una vida, o ayudar a Manuel para que cumpla un sue\u00f1o es infinitamente m\u00e1s importante que aumentar los beneficios de un banco. Si tuvi\u00e9ramos eso claro, no habr\u00eda crisis econ\u00f3mica.<br \/>\nUn saludo. <\/p>\n","protected":false},"excerpt":{"rendered":"<p>Manuel, un joven gitano de 30 a\u00f1os que padece una distrofia muscular que le impide hasta respirar, asisti\u00f3 ayer al concierto que dio El Barrio en Granada. La historia completa est\u00e1 en http:\/\/www.ideal.es\/granada\/20120218\/local\/granada\/escapa-hospital-barrio-201202180128.html y es de mi compa\u00f1era \u00c1ngeles Pe\u00f1alver. Para que Manuel, que llevaba quince a\u00f1os sin salir del hospital granadino de San Rafael [&hellip;]<\/p>\n","protected":false},"author":3,"featured_media":0,"comment_status":"open","ping_status":"open","sticky":false,"template":"","format":"standard","meta":{"jetpack_post_was_ever_published":false,"_jetpack_newsletter_access":"","_jetpack_dont_email_post_to_subs":false,"_jetpack_newsletter_tier_id":0,"_jetpack_memberships_contains_paywalled_content":false,"_jetpack_memberships_contains_paid_content":false,"footnotes":""},"categories":[1],"tags":[328,259],"class_list":["post-1677","post","type-post","status-publish","format-standard","hentry","category-blog","tag-el-barrio","tag-solidaridad"],"jetpack_featured_media_url":"","jetpack_shortlink":"https:\/\/wp.me\/s5fzW5-manuel","jetpack-related-posts":[],"jetpack_sharing_enabled":true,"_links":{"self":[{"href":"https:\/\/www.granadablogs.com\/juezcalatayud\/wp-json\/wp\/v2\/posts\/1677","targetHints":{"allow":["GET"]}}],"collection":[{"href":"https:\/\/www.granadablogs.com\/juezcalatayud\/wp-json\/wp\/v2\/posts"}],"about":[{"href":"https:\/\/www.granadablogs.com\/juezcalatayud\/wp-json\/wp\/v2\/types\/post"}],"author":[{"embeddable":true,"href":"https:\/\/www.granadablogs.com\/juezcalatayud\/wp-json\/wp\/v2\/users\/3"}],"replies":[{"embeddable":true,"href":"https:\/\/www.granadablogs.com\/juezcalatayud\/wp-json\/wp\/v2\/comments?post=1677"}],"version-history":[{"count":2,"href":"https:\/\/www.granadablogs.com\/juezcalatayud\/wp-json\/wp\/v2\/posts\/1677\/revisions"}],"predecessor-version":[{"id":1679,"href":"https:\/\/www.granadablogs.com\/juezcalatayud\/wp-json\/wp\/v2\/posts\/1677\/revisions\/1679"}],"wp:attachment":[{"href":"https:\/\/www.granadablogs.com\/juezcalatayud\/wp-json\/wp\/v2\/media?parent=1677"}],"wp:term":[{"taxonomy":"category","embeddable":true,"href":"https:\/\/www.granadablogs.com\/juezcalatayud\/wp-json\/wp\/v2\/categories?post=1677"},{"taxonomy":"post_tag","embeddable":true,"href":"https:\/\/www.granadablogs.com\/juezcalatayud\/wp-json\/wp\/v2\/tags?post=1677"}],"curies":[{"name":"wp","href":"https:\/\/api.w.org\/{rel}","templated":true}]}}