{"id":166,"date":"2009-03-31T17:35:12","date_gmt":"2009-03-31T16:35:12","guid":{"rendered":"http:\/\/www.granadablogs.com\/juezcalatayud\/?p=166"},"modified":"2009-03-31T17:35:12","modified_gmt":"2009-03-31T16:35:12","slug":"falta-la-voz-de-los-menores-en-tengo-una-pregunta-para-usted","status":"publish","type":"post","link":"https:\/\/www.granadablogs.com\/juezcalatayud\/2009\/03\/falta-la-voz-de-los-menores-en-tengo-una-pregunta-para-usted\/","title":{"rendered":"Falta la voz de los menores en &#8216;Tengo una pregunta para usted&#8217;"},"content":{"rendered":"<p>En el blog estamos desbordados. Nos faltan manos y pericia para poder contestaros a todos. Afortunadamente, don Emilio va a tener ahora unos d\u00edas m\u00e1s desahogados por el tema de la Semana Santa y ha prometido responder a vuestras inquietudes. Porque, me consta, que en el blog entra a diario. Lo complicado es que encuentre un ratillo -entre juicio y juicio, o sentencia y sentencia, etc- para darle al teclado. Entre tanto, tendr\u00e9is que conformaros conmigo. S\u00e9 que no es lo mismo, pero&#8230;<\/p>\n<p>Bueno, al l\u00edo. Viendo anoche \u00bbTengo una pregunta para usted&#8217;, un programa que como ciudadano y periodista considero un acierto, ca\u00ed en la cuenta de que ese espacio no da voz a los menores de edad. No es nada nuevo. En realidad, nadie lo hace. Es como si no formaran parte de la sociedad. S\u00f3lo nos acordamos de ellos para celebrar plenos infantiles -una vez al a\u00f1o-, etc&#8230; O para ponerlos a parir porque hacen botell\u00f3n, etc&#8230; No se trata de que vayan peque\u00f1ines de tres o cuatro a\u00f1icos\u00a0-en plan gallifantes y eso-, pero yo creo que ser\u00eda interesante saber qu\u00e9 piensan los chavales de catorce a\u00f1os en adelante. Aunque no voten, tienen derecho a ser o\u00eddos. Escuch\u00e1ndolos, igual descubrimos nuevos territorios.<\/p>\n","protected":false},"excerpt":{"rendered":"<p>En el blog estamos desbordados. Nos faltan manos y pericia para poder contestaros a todos. Afortunadamente, don Emilio va a tener ahora unos d\u00edas m\u00e1s desahogados por el tema de la Semana Santa y ha prometido responder a vuestras inquietudes. Porque, me consta, que en el blog entra a diario. Lo complicado es que encuentre [&hellip;]<\/p>\n","protected":false},"author":3,"featured_media":0,"comment_status":"open","ping_status":"open","sticky":false,"template":"","format":"standard","meta":{"jetpack_post_was_ever_published":false,"_jetpack_newsletter_access":"","_jetpack_dont_email_post_to_subs":false,"_jetpack_newsletter_tier_id":0,"_jetpack_memberships_contains_paywalled_content":false,"_jetpack_memberships_contains_paid_content":false,"footnotes":""},"categories":[1],"tags":[],"class_list":["post-166","post","type-post","status-publish","format-standard","hentry","category-blog"],"jetpack_featured_media_url":"","jetpack_shortlink":"https:\/\/wp.me\/p5fzW5-2G","jetpack-related-posts":[],"jetpack_sharing_enabled":true,"_links":{"self":[{"href":"https:\/\/www.granadablogs.com\/juezcalatayud\/wp-json\/wp\/v2\/posts\/166","targetHints":{"allow":["GET"]}}],"collection":[{"href":"https:\/\/www.granadablogs.com\/juezcalatayud\/wp-json\/wp\/v2\/posts"}],"about":[{"href":"https:\/\/www.granadablogs.com\/juezcalatayud\/wp-json\/wp\/v2\/types\/post"}],"author":[{"embeddable":true,"href":"https:\/\/www.granadablogs.com\/juezcalatayud\/wp-json\/wp\/v2\/users\/3"}],"replies":[{"embeddable":true,"href":"https:\/\/www.granadablogs.com\/juezcalatayud\/wp-json\/wp\/v2\/comments?post=166"}],"version-history":[{"count":1,"href":"https:\/\/www.granadablogs.com\/juezcalatayud\/wp-json\/wp\/v2\/posts\/166\/revisions"}],"predecessor-version":[{"id":167,"href":"https:\/\/www.granadablogs.com\/juezcalatayud\/wp-json\/wp\/v2\/posts\/166\/revisions\/167"}],"wp:attachment":[{"href":"https:\/\/www.granadablogs.com\/juezcalatayud\/wp-json\/wp\/v2\/media?parent=166"}],"wp:term":[{"taxonomy":"category","embeddable":true,"href":"https:\/\/www.granadablogs.com\/juezcalatayud\/wp-json\/wp\/v2\/categories?post=166"},{"taxonomy":"post_tag","embeddable":true,"href":"https:\/\/www.granadablogs.com\/juezcalatayud\/wp-json\/wp\/v2\/tags?post=166"}],"curies":[{"name":"wp","href":"https:\/\/api.w.org\/{rel}","templated":true}]}}