{"id":16421,"date":"2022-06-16T19:50:31","date_gmt":"2022-06-16T17:50:31","guid":{"rendered":"https:\/\/www.granadablogs.com\/juezcalatayud\/?p=16421"},"modified":"2022-06-16T20:38:14","modified_gmt":"2022-06-16T18:38:14","slug":"un-soneto-para-don-emilio-el-juez-de-la-morena-tez","status":"publish","type":"post","link":"https:\/\/www.granadablogs.com\/juezcalatayud\/2022\/06\/un-soneto-para-don-emilio-el-juez-de-la-morena-tez\/","title":{"rendered":"Un soneto para don Emilio, el juez de la morena tez"},"content":{"rendered":"<p>&nbsp;<\/p>\n<figure id=\"attachment_13234\" aria-describedby=\"caption-attachment-13234\" style=\"width: 644px\" class=\"wp-caption alignnone\"><a href=\"https:\/\/www.granadablogs.com\/juezcalatayud\/wp-content\/uploads\/2020\/07\/Emil-nueva-tres-1.jpg\"><img loading=\"lazy\" decoding=\"async\" class=\"wp-image-13234 size-large\" src=\"https:\/\/www.granadablogs.com\/juezcalatayud\/wp-content\/uploads\/2020\/07\/Emil-nueva-tres-1-644x429.jpg\" alt=\"\" width=\"644\" height=\"429\" srcset=\"https:\/\/www.granadablogs.com\/juezcalatayud\/wp-content\/uploads\/2020\/07\/Emil-nueva-tres-1-644x429.jpg 644w, https:\/\/www.granadablogs.com\/juezcalatayud\/wp-content\/uploads\/2020\/07\/Emil-nueva-tres-1-300x200.jpg 300w, https:\/\/www.granadablogs.com\/juezcalatayud\/wp-content\/uploads\/2020\/07\/Emil-nueva-tres-1-768x512.jpg 768w\" sizes=\"auto, (max-width: 644px) 100vw, 644px\" \/><\/a><figcaption id=\"caption-attachment-13234\" class=\"wp-caption-text\">Foto: Pepe Mar\u00edn<\/figcaption><\/figure>\n<p>Hola, soy Carlos Mor\u00e1n, el compa\u00f1ero de blog de don Emilio. Un seguidor de esta\u00a0 p\u00e1gina, m\u00e9dico grana\u00edno afincado en Galicia y de nombre Salvador, nos ha hecho llegar un soneto dedicado a su se\u00f1or\u00eda y queremos compartirlo con todos en este d\u00eda del Corpus, fiesta grande de Granada y de otros lugares de Espa\u00f1a.<\/p>\n<p>Se titula &#8216;Soneto a un juez&#8217; y dice as\u00ed:<\/p>\n<p>Este letrado de morena tez<br \/>\nque responde al o\u00edr Calatayud,<br \/>\nasomando en la sala es un alud<br \/>\nporque es un serio y respetado juez.<\/p>\n<p>A cuantos tienen el sentido pez,<br \/>\npor causa de azarosa juventud,<br \/>\nlos viene a devolver a la virtud<br \/>\npara que no delincan otra vez.<\/p>\n<p>Did\u00e1ctica y justicia son su af\u00e1n,<br \/>\naun teniendo del mango la sart\u00e9n,<br \/>\nsi a los que ajenos de la ley est\u00e1n<\/p>\n<p>les manda hacer trabajos que, tambi\u00e9n,<br \/>\nmejores consejeros lo ser\u00e1n,<br \/>\nobrando sus sentencias mucho y bien.<\/p>\n<p>&nbsp;<\/p>\n<p>&nbsp;<\/p>\n","protected":false},"excerpt":{"rendered":"<p>&nbsp; Hola, soy Carlos Mor\u00e1n, el compa\u00f1ero de blog de don Emilio. Un seguidor de esta\u00a0 p\u00e1gina, m\u00e9dico grana\u00edno afincado en Galicia y de nombre Salvador, nos ha hecho llegar un soneto dedicado a su se\u00f1or\u00eda y queremos compartirlo con todos en este d\u00eda del Corpus, fiesta grande de Granada y de otros lugares de [&hellip;]<\/p>\n","protected":false},"author":3,"featured_media":0,"comment_status":"open","ping_status":"open","sticky":false,"template":"","format":"standard","meta":{"jetpack_post_was_ever_published":false,"_jetpack_newsletter_access":"","_jetpack_dont_email_post_to_subs":false,"_jetpack_newsletter_tier_id":0,"_jetpack_memberships_contains_paywalled_content":false,"_jetpack_memberships_contains_paid_content":false,"footnotes":""},"categories":[1],"tags":[522,3206],"class_list":["post-16421","post","type-post","status-publish","format-standard","hentry","category-blog","tag-juez","tag-soneto"],"jetpack_featured_media_url":"","jetpack_shortlink":"https:\/\/wp.me\/p5fzW5-4gR","jetpack-related-posts":[],"jetpack_sharing_enabled":true,"_links":{"self":[{"href":"https:\/\/www.granadablogs.com\/juezcalatayud\/wp-json\/wp\/v2\/posts\/16421","targetHints":{"allow":["GET"]}}],"collection":[{"href":"https:\/\/www.granadablogs.com\/juezcalatayud\/wp-json\/wp\/v2\/posts"}],"about":[{"href":"https:\/\/www.granadablogs.com\/juezcalatayud\/wp-json\/wp\/v2\/types\/post"}],"author":[{"embeddable":true,"href":"https:\/\/www.granadablogs.com\/juezcalatayud\/wp-json\/wp\/v2\/users\/3"}],"replies":[{"embeddable":true,"href":"https:\/\/www.granadablogs.com\/juezcalatayud\/wp-json\/wp\/v2\/comments?post=16421"}],"version-history":[{"count":3,"href":"https:\/\/www.granadablogs.com\/juezcalatayud\/wp-json\/wp\/v2\/posts\/16421\/revisions"}],"predecessor-version":[{"id":16424,"href":"https:\/\/www.granadablogs.com\/juezcalatayud\/wp-json\/wp\/v2\/posts\/16421\/revisions\/16424"}],"wp:attachment":[{"href":"https:\/\/www.granadablogs.com\/juezcalatayud\/wp-json\/wp\/v2\/media?parent=16421"}],"wp:term":[{"taxonomy":"category","embeddable":true,"href":"https:\/\/www.granadablogs.com\/juezcalatayud\/wp-json\/wp\/v2\/categories?post=16421"},{"taxonomy":"post_tag","embeddable":true,"href":"https:\/\/www.granadablogs.com\/juezcalatayud\/wp-json\/wp\/v2\/tags?post=16421"}],"curies":[{"name":"wp","href":"https:\/\/api.w.org\/{rel}","templated":true}]}}