{"id":16328,"date":"2022-05-23T21:47:46","date_gmt":"2022-05-23T19:47:46","guid":{"rendered":"https:\/\/www.granadablogs.com\/juezcalatayud\/?p=16328"},"modified":"2022-05-23T21:47:46","modified_gmt":"2022-05-23T19:47:46","slug":"chavales-la-justicia-en-el-deporte-no-es-cosa-de-un-dia-es-el-fruto-de-meses-de-esfuerzo-y-si-no-hay-esfuerzo-pierdes","status":"publish","type":"post","link":"https:\/\/www.granadablogs.com\/juezcalatayud\/2022\/05\/chavales-la-justicia-en-el-deporte-no-es-cosa-de-un-dia-es-el-fruto-de-meses-de-esfuerzo-y-si-no-hay-esfuerzo-pierdes\/","title":{"rendered":"Chavales, la justicia en el deporte no es cosa de un d\u00eda, es el fruto de meses de esfuerzo, y si no hay esfuerzo, pierdes"},"content":{"rendered":"<p>&nbsp;<\/p>\n<figure id=\"attachment_13222\" aria-describedby=\"caption-attachment-13222\" style=\"width: 644px\" class=\"wp-caption alignnone\"><a href=\"https:\/\/www.granadablogs.com\/juezcalatayud\/wp-content\/uploads\/2020\/07\/Emil-nueva-tres.jpg\"><img loading=\"lazy\" decoding=\"async\" class=\"wp-image-13222 size-large\" src=\"https:\/\/www.granadablogs.com\/juezcalatayud\/wp-content\/uploads\/2020\/07\/Emil-nueva-tres-644x429.jpg\" alt=\"\" width=\"644\" height=\"429\" srcset=\"https:\/\/www.granadablogs.com\/juezcalatayud\/wp-content\/uploads\/2020\/07\/Emil-nueva-tres-644x429.jpg 644w, https:\/\/www.granadablogs.com\/juezcalatayud\/wp-content\/uploads\/2020\/07\/Emil-nueva-tres-300x200.jpg 300w, https:\/\/www.granadablogs.com\/juezcalatayud\/wp-content\/uploads\/2020\/07\/Emil-nueva-tres-768x512.jpg 768w\" sizes=\"auto, (max-width: 644px) 100vw, 644px\" \/><\/a><figcaption id=\"caption-attachment-13222\" class=\"wp-caption-text\">Foto: Pepe Mar\u00edn<\/figcaption><\/figure>\n<p>Buenas, soy Emilio Calatayud. Hay un mont\u00f3n de chavales tristes por el Granada ha bajado a la segunda Divisi\u00f3n. Deb\u00e9is saber que la justicia en el deporte no es cosa de un d\u00eda,\u00a0 es el fruto de meses de esfuerzo y trabajo, y si no hay esfuerzo a lo largo de meses, pierdes.<\/p>\n<p>Esto tambi\u00e9n vale para los estudios. No es bueno dejarlo todo para el final y confiar en un golpe de suerte&#8230; Trabajo y esfuerzo. Ese es el truco.<\/p>\n","protected":false},"excerpt":{"rendered":"<p>&nbsp; Buenas, soy Emilio Calatayud. Hay un mont\u00f3n de chavales tristes por el Granada ha bajado a la segunda Divisi\u00f3n. Deb\u00e9is saber que la justicia en el deporte no es cosa de un d\u00eda,\u00a0 es el fruto de meses de esfuerzo y trabajo, y si no hay esfuerzo a lo largo de meses, pierdes. Esto [&hellip;]<\/p>\n","protected":false},"author":1,"featured_media":0,"comment_status":"open","ping_status":"open","sticky":false,"template":"","format":"standard","meta":{"jetpack_post_was_ever_published":false,"_jetpack_newsletter_access":"","_jetpack_dont_email_post_to_subs":false,"_jetpack_newsletter_tier_id":0,"_jetpack_memberships_contains_paywalled_content":false,"_jetpack_memberships_contains_paid_content":false,"footnotes":""},"categories":[1],"tags":[93,15,948],"class_list":["post-16328","post","type-post","status-publish","format-standard","hentry","category-blog","tag-deporte","tag-granada","tag-justicia"],"jetpack_featured_media_url":"","jetpack_shortlink":"https:\/\/wp.me\/p5fzW5-4fm","jetpack-related-posts":[],"jetpack_sharing_enabled":true,"_links":{"self":[{"href":"https:\/\/www.granadablogs.com\/juezcalatayud\/wp-json\/wp\/v2\/posts\/16328","targetHints":{"allow":["GET"]}}],"collection":[{"href":"https:\/\/www.granadablogs.com\/juezcalatayud\/wp-json\/wp\/v2\/posts"}],"about":[{"href":"https:\/\/www.granadablogs.com\/juezcalatayud\/wp-json\/wp\/v2\/types\/post"}],"author":[{"embeddable":true,"href":"https:\/\/www.granadablogs.com\/juezcalatayud\/wp-json\/wp\/v2\/users\/1"}],"replies":[{"embeddable":true,"href":"https:\/\/www.granadablogs.com\/juezcalatayud\/wp-json\/wp\/v2\/comments?post=16328"}],"version-history":[{"count":6,"href":"https:\/\/www.granadablogs.com\/juezcalatayud\/wp-json\/wp\/v2\/posts\/16328\/revisions"}],"predecessor-version":[{"id":16334,"href":"https:\/\/www.granadablogs.com\/juezcalatayud\/wp-json\/wp\/v2\/posts\/16328\/revisions\/16334"}],"wp:attachment":[{"href":"https:\/\/www.granadablogs.com\/juezcalatayud\/wp-json\/wp\/v2\/media?parent=16328"}],"wp:term":[{"taxonomy":"category","embeddable":true,"href":"https:\/\/www.granadablogs.com\/juezcalatayud\/wp-json\/wp\/v2\/categories?post=16328"},{"taxonomy":"post_tag","embeddable":true,"href":"https:\/\/www.granadablogs.com\/juezcalatayud\/wp-json\/wp\/v2\/tags?post=16328"}],"curies":[{"name":"wp","href":"https:\/\/api.w.org\/{rel}","templated":true}]}}