{"id":16321,"date":"2022-05-22T19:29:16","date_gmt":"2022-05-22T17:29:16","guid":{"rendered":"https:\/\/www.granadablogs.com\/juezcalatayud\/?p=16321"},"modified":"2022-05-22T19:33:34","modified_gmt":"2022-05-22T17:33:34","slug":"el-madri-puede-vivir-sin-mbappe-es-mas-importante-que-el-grana-siga-en-primera","status":"publish","type":"post","link":"https:\/\/www.granadablogs.com\/juezcalatayud\/2022\/05\/el-madri-puede-vivir-sin-mbappe-es-mas-importante-que-el-grana-siga-en-primera\/","title":{"rendered":"El &#8216;Madr\u00ed&#8217; puede vivir sin Mbapp\u00e9, es mas importante que el &#8216;Gran\u00e1&#8217; siga en Primera"},"content":{"rendered":"<p>&nbsp;<\/p>\n<figure id=\"attachment_13158\" aria-describedby=\"caption-attachment-13158\" style=\"width: 644px\" class=\"wp-caption alignnone\"><a href=\"https:\/\/www.granadablogs.com\/juezcalatayud\/wp-content\/uploads\/2020\/07\/GRANA.jpg\"><img loading=\"lazy\" decoding=\"async\" class=\"wp-image-13158 size-large\" src=\"https:\/\/www.granadablogs.com\/juezcalatayud\/wp-content\/uploads\/2020\/07\/GRANA-644x429.jpg\" alt=\"\" width=\"644\" height=\"429\" srcset=\"https:\/\/www.granadablogs.com\/juezcalatayud\/wp-content\/uploads\/2020\/07\/GRANA-644x429.jpg 644w, https:\/\/www.granadablogs.com\/juezcalatayud\/wp-content\/uploads\/2020\/07\/GRANA-300x200.jpg 300w, https:\/\/www.granadablogs.com\/juezcalatayud\/wp-content\/uploads\/2020\/07\/GRANA-768x512.jpg 768w\" sizes=\"auto, (max-width: 644px) 100vw, 644px\" \/><\/a><figcaption id=\"caption-attachment-13158\" class=\"wp-caption-text\">FOTO: PEPE MARIN<\/figcaption><\/figure>\n<p>Buenas, soy Emilio Calatayud. Soy &#8216;merengue&#8217; pero el &#8216;Madr\u00ed&#8217; puede vivir sin Mbapp\u00e9. Los dineros de los que se habla yo dir\u00eda que son hasta pecado. Lo importante para m\u00ed es que el &#8216;Gran\u00e1&#8217; siga en Primera. Vamos a ver. El &#8216;Madr\u00ed&#8217; no necesita a Mbapp\u00e9, pero &#8216;Gran\u00e1&#8217; s\u00ed\u00a0 necesita a su equipo en Primera.<\/p>\n","protected":false},"excerpt":{"rendered":"<p>&nbsp; Buenas, soy Emilio Calatayud. Soy &#8216;merengue&#8217; pero el &#8216;Madr\u00ed&#8217; puede vivir sin Mbapp\u00e9. Los dineros de los que se habla yo dir\u00eda que son hasta pecado. Lo importante para m\u00ed es que el &#8216;Gran\u00e1&#8217; siga en Primera. Vamos a ver. El &#8216;Madr\u00ed&#8217; no necesita a Mbapp\u00e9, pero &#8216;Gran\u00e1&#8217; s\u00ed\u00a0 necesita a su equipo en [&hellip;]<\/p>\n","protected":false},"author":1,"featured_media":0,"comment_status":"open","ping_status":"open","sticky":false,"template":"","format":"standard","meta":{"jetpack_post_was_ever_published":false,"_jetpack_newsletter_access":"","_jetpack_dont_email_post_to_subs":false,"_jetpack_newsletter_tier_id":0,"_jetpack_memberships_contains_paywalled_content":false,"_jetpack_memberships_contains_paid_content":false,"footnotes":""},"categories":[1],"tags":[15,3002,1048],"class_list":["post-16321","post","type-post","status-publish","format-standard","hentry","category-blog","tag-granada","tag-mbappe","tag-primera"],"jetpack_featured_media_url":"","jetpack_shortlink":"https:\/\/wp.me\/p5fzW5-4ff","jetpack-related-posts":[],"jetpack_sharing_enabled":true,"_links":{"self":[{"href":"https:\/\/www.granadablogs.com\/juezcalatayud\/wp-json\/wp\/v2\/posts\/16321","targetHints":{"allow":["GET"]}}],"collection":[{"href":"https:\/\/www.granadablogs.com\/juezcalatayud\/wp-json\/wp\/v2\/posts"}],"about":[{"href":"https:\/\/www.granadablogs.com\/juezcalatayud\/wp-json\/wp\/v2\/types\/post"}],"author":[{"embeddable":true,"href":"https:\/\/www.granadablogs.com\/juezcalatayud\/wp-json\/wp\/v2\/users\/1"}],"replies":[{"embeddable":true,"href":"https:\/\/www.granadablogs.com\/juezcalatayud\/wp-json\/wp\/v2\/comments?post=16321"}],"version-history":[{"count":1,"href":"https:\/\/www.granadablogs.com\/juezcalatayud\/wp-json\/wp\/v2\/posts\/16321\/revisions"}],"predecessor-version":[{"id":16322,"href":"https:\/\/www.granadablogs.com\/juezcalatayud\/wp-json\/wp\/v2\/posts\/16321\/revisions\/16322"}],"wp:attachment":[{"href":"https:\/\/www.granadablogs.com\/juezcalatayud\/wp-json\/wp\/v2\/media?parent=16321"}],"wp:term":[{"taxonomy":"category","embeddable":true,"href":"https:\/\/www.granadablogs.com\/juezcalatayud\/wp-json\/wp\/v2\/categories?post=16321"},{"taxonomy":"post_tag","embeddable":true,"href":"https:\/\/www.granadablogs.com\/juezcalatayud\/wp-json\/wp\/v2\/tags?post=16321"}],"curies":[{"name":"wp","href":"https:\/\/api.w.org\/{rel}","templated":true}]}}