{"id":16240,"date":"2022-04-29T20:22:39","date_gmt":"2022-04-29T18:22:39","guid":{"rendered":"https:\/\/www.granadablogs.com\/juezcalatayud\/?p=16240"},"modified":"2022-04-29T20:22:39","modified_gmt":"2022-04-29T18:22:39","slug":"no-me-se-el-telefono-de-mi-madre-nunca-la-llamo","status":"publish","type":"post","link":"https:\/\/www.granadablogs.com\/juezcalatayud\/2022\/04\/no-me-se-el-telefono-de-mi-madre-nunca-la-llamo\/","title":{"rendered":"\u00abNo me s\u00e9 el tel\u00e9fono de mi madre, nunca la llamo\u00bb"},"content":{"rendered":"<p>&nbsp;<\/p>\n<figure id=\"attachment_8801\" aria-describedby=\"caption-attachment-8801\" style=\"width: 624px\" class=\"wp-caption alignnone\"><a href=\"https:\/\/www.granadablogs.com\/juezcalatayud\/wp-content\/uploads\/2018\/07\/papeleo.jpg\"><img loading=\"lazy\" decoding=\"async\" class=\"wp-image-8801 size-full\" src=\"https:\/\/www.granadablogs.com\/juezcalatayud\/wp-content\/uploads\/2018\/07\/papeleo.jpg\" alt=\"\" width=\"624\" height=\"385\" srcset=\"https:\/\/www.granadablogs.com\/juezcalatayud\/wp-content\/uploads\/2018\/07\/papeleo.jpg 624w, https:\/\/www.granadablogs.com\/juezcalatayud\/wp-content\/uploads\/2018\/07\/papeleo-300x185.jpg 300w\" sizes=\"auto, (max-width: 624px) 100vw, 624px\" \/><\/a><figcaption id=\"caption-attachment-8801\" class=\"wp-caption-text\">diariosur.es<\/figcaption><\/figure>\n<p>Buenas, soy Emilio Calatayud. Ya estamos en otro puente y hace buen tiempo, as\u00ed que los que se vayan a mover que circulen con cuidado. Os queremos a todos de vuelta la semana que viene.<\/p>\n<p>Dicho lo cual, aqu\u00ed os dejo una frase que he escuchado a una adolescente en las calles de Granada: \u00abNo me s\u00e9 el tel\u00e9fono de mi madre, nunca la llamo\u00bb. As\u00ed de real y as\u00ed de triste. Muchos trastos para comunicarnos, pero cero comunicaci\u00f3n.<\/p>\n","protected":false},"excerpt":{"rendered":"<p>&nbsp; Buenas, soy Emilio Calatayud. Ya estamos en otro puente y hace buen tiempo, as\u00ed que los que se vayan a mover que circulen con cuidado. Os queremos a todos de vuelta la semana que viene. Dicho lo cual, aqu\u00ed os dejo una frase que he escuchado a una adolescente en las calles de Granada: [&hellip;]<\/p>\n","protected":false},"author":1,"featured_media":0,"comment_status":"open","ping_status":"open","sticky":false,"template":"","format":"standard","meta":{"jetpack_post_was_ever_published":false,"_jetpack_newsletter_access":"","_jetpack_dont_email_post_to_subs":false,"_jetpack_newsletter_tier_id":0,"_jetpack_memberships_contains_paywalled_content":false,"_jetpack_memberships_contains_paid_content":false,"footnotes":""},"categories":[1],"tags":[933,369,234],"class_list":["post-16240","post","type-post","status-publish","format-standard","hentry","category-blog","tag-comunicacion","tag-madre","tag-telefono"],"jetpack_featured_media_url":"","jetpack_shortlink":"https:\/\/wp.me\/p5fzW5-4dW","jetpack-related-posts":[],"jetpack_sharing_enabled":true,"_links":{"self":[{"href":"https:\/\/www.granadablogs.com\/juezcalatayud\/wp-json\/wp\/v2\/posts\/16240","targetHints":{"allow":["GET"]}}],"collection":[{"href":"https:\/\/www.granadablogs.com\/juezcalatayud\/wp-json\/wp\/v2\/posts"}],"about":[{"href":"https:\/\/www.granadablogs.com\/juezcalatayud\/wp-json\/wp\/v2\/types\/post"}],"author":[{"embeddable":true,"href":"https:\/\/www.granadablogs.com\/juezcalatayud\/wp-json\/wp\/v2\/users\/1"}],"replies":[{"embeddable":true,"href":"https:\/\/www.granadablogs.com\/juezcalatayud\/wp-json\/wp\/v2\/comments?post=16240"}],"version-history":[{"count":1,"href":"https:\/\/www.granadablogs.com\/juezcalatayud\/wp-json\/wp\/v2\/posts\/16240\/revisions"}],"predecessor-version":[{"id":16241,"href":"https:\/\/www.granadablogs.com\/juezcalatayud\/wp-json\/wp\/v2\/posts\/16240\/revisions\/16241"}],"wp:attachment":[{"href":"https:\/\/www.granadablogs.com\/juezcalatayud\/wp-json\/wp\/v2\/media?parent=16240"}],"wp:term":[{"taxonomy":"category","embeddable":true,"href":"https:\/\/www.granadablogs.com\/juezcalatayud\/wp-json\/wp\/v2\/categories?post=16240"},{"taxonomy":"post_tag","embeddable":true,"href":"https:\/\/www.granadablogs.com\/juezcalatayud\/wp-json\/wp\/v2\/tags?post=16240"}],"curies":[{"name":"wp","href":"https:\/\/api.w.org\/{rel}","templated":true}]}}