{"id":16177,"date":"2022-04-13T20:04:01","date_gmt":"2022-04-13T18:04:01","guid":{"rendered":"https:\/\/www.granadablogs.com\/juezcalatayud\/?p=16177"},"modified":"2022-04-13T20:04:01","modified_gmt":"2022-04-13T18:04:01","slug":"la-primera-vez-hizo-una-suma-escribio-unas-letras-leyo-un-parrafo-y-nos-emociono-condena-cumplida","status":"publish","type":"post","link":"https:\/\/www.granadablogs.com\/juezcalatayud\/2022\/04\/la-primera-vez-hizo-una-suma-escribio-unas-letras-leyo-un-parrafo-y-nos-emociono-condena-cumplida\/","title":{"rendered":"La primera vez: hizo una suma, escribi\u00f3 unas letras, ley\u00f3 un p\u00e1rrafo y nos emocion\u00f3, condena cumplida"},"content":{"rendered":"<p>&nbsp;<\/p>\n<figure id=\"attachment_8801\" aria-describedby=\"caption-attachment-8801\" style=\"width: 624px\" class=\"wp-caption alignnone\"><a href=\"https:\/\/www.granadablogs.com\/juezcalatayud\/wp-content\/uploads\/2018\/07\/papeleo.jpg\"><img loading=\"lazy\" decoding=\"async\" class=\"wp-image-8801 size-full\" src=\"https:\/\/www.granadablogs.com\/juezcalatayud\/wp-content\/uploads\/2018\/07\/papeleo.jpg\" alt=\"\" width=\"624\" height=\"385\" srcset=\"https:\/\/www.granadablogs.com\/juezcalatayud\/wp-content\/uploads\/2018\/07\/papeleo.jpg 624w, https:\/\/www.granadablogs.com\/juezcalatayud\/wp-content\/uploads\/2018\/07\/papeleo-300x185.jpg 300w\" sizes=\"auto, (max-width: 624px) 100vw, 624px\" \/><\/a><figcaption id=\"caption-attachment-8801\" class=\"wp-caption-text\">diariosur.es<\/figcaption><\/figure>\n<p>Buenas, soy Emilio Calatayud. Hace ya muchos a\u00f1os que conden\u00e9 por primera vez a un chaval a aprender a leer y escribir. Lo triste es que todav\u00eda sigo haci\u00e9ndolo, pero esa es otra historia. De aquella primera vez recuerdo, sobre todo, la emoci\u00f3n que nos produjo comprobar que el ni\u00f1o hab\u00eda dejado atr\u00e1s, todav\u00eda t\u00edmidamente, el analfabetismo. En la sala, delante de los t\u00e9cnicos, las fiscales y un servidor, hizo una suma, escribi\u00f3 unas letras, ley\u00f3 un p\u00e1rrafo y a m\u00e1s de uno se le salt\u00f3 una l\u00e1grima. Condena cumplida.<\/p>\n<p>Eso tambi\u00e9n es la justicia.<\/p>\n<p>&nbsp;<\/p>\n<p>&nbsp;<\/p>\n<p>&nbsp;<\/p>\n","protected":false},"excerpt":{"rendered":"<p>&nbsp; Buenas, soy Emilio Calatayud. Hace ya muchos a\u00f1os que conden\u00e9 por primera vez a un chaval a aprender a leer y escribir. Lo triste es que todav\u00eda sigo haci\u00e9ndolo, pero esa es otra historia. De aquella primera vez recuerdo, sobre todo, la emoci\u00f3n que nos produjo comprobar que el ni\u00f1o hab\u00eda dejado atr\u00e1s, todav\u00eda [&hellip;]<\/p>\n","protected":false},"author":1,"featured_media":0,"comment_status":"open","ping_status":"open","sticky":false,"template":"","format":"standard","meta":{"jetpack_post_was_ever_published":false,"_jetpack_newsletter_access":"","_jetpack_dont_email_post_to_subs":false,"_jetpack_newsletter_tier_id":0,"_jetpack_memberships_contains_paywalled_content":false,"_jetpack_memberships_contains_paid_content":false,"footnotes":""},"categories":[1],"tags":[697,1048,3165],"class_list":["post-16177","post","type-post","status-publish","format-standard","hentry","category-blog","tag-la","tag-primera","tag-vez"],"jetpack_featured_media_url":"","jetpack_shortlink":"https:\/\/wp.me\/p5fzW5-4cV","jetpack-related-posts":[],"jetpack_sharing_enabled":true,"_links":{"self":[{"href":"https:\/\/www.granadablogs.com\/juezcalatayud\/wp-json\/wp\/v2\/posts\/16177","targetHints":{"allow":["GET"]}}],"collection":[{"href":"https:\/\/www.granadablogs.com\/juezcalatayud\/wp-json\/wp\/v2\/posts"}],"about":[{"href":"https:\/\/www.granadablogs.com\/juezcalatayud\/wp-json\/wp\/v2\/types\/post"}],"author":[{"embeddable":true,"href":"https:\/\/www.granadablogs.com\/juezcalatayud\/wp-json\/wp\/v2\/users\/1"}],"replies":[{"embeddable":true,"href":"https:\/\/www.granadablogs.com\/juezcalatayud\/wp-json\/wp\/v2\/comments?post=16177"}],"version-history":[{"count":1,"href":"https:\/\/www.granadablogs.com\/juezcalatayud\/wp-json\/wp\/v2\/posts\/16177\/revisions"}],"predecessor-version":[{"id":16178,"href":"https:\/\/www.granadablogs.com\/juezcalatayud\/wp-json\/wp\/v2\/posts\/16177\/revisions\/16178"}],"wp:attachment":[{"href":"https:\/\/www.granadablogs.com\/juezcalatayud\/wp-json\/wp\/v2\/media?parent=16177"}],"wp:term":[{"taxonomy":"category","embeddable":true,"href":"https:\/\/www.granadablogs.com\/juezcalatayud\/wp-json\/wp\/v2\/categories?post=16177"},{"taxonomy":"post_tag","embeddable":true,"href":"https:\/\/www.granadablogs.com\/juezcalatayud\/wp-json\/wp\/v2\/tags?post=16177"}],"curies":[{"name":"wp","href":"https:\/\/api.w.org\/{rel}","templated":true}]}}