{"id":16173,"date":"2022-04-12T20:21:06","date_gmt":"2022-04-12T18:21:06","guid":{"rendered":"https:\/\/www.granadablogs.com\/juezcalatayud\/?p=16173"},"modified":"2022-04-12T20:21:06","modified_gmt":"2022-04-12T18:21:06","slug":"si-un-universitario-no-informa-a-sus-padres-de-sus-notas-porque-es-mayor-de-edad-deberia-pagarse-el-la-formacion","status":"publish","type":"post","link":"https:\/\/www.granadablogs.com\/juezcalatayud\/2022\/04\/si-un-universitario-no-informa-a-sus-padres-de-sus-notas-porque-es-mayor-de-edad-deberia-pagarse-el-la-formacion\/","title":{"rendered":"Si un universitario no informa a sus padres de sus notas porque es mayor de edad, deber\u00eda pagarse \u00e9l la formaci\u00f3n"},"content":{"rendered":"<p>&nbsp;<\/p>\n<figure id=\"attachment_8713\" aria-describedby=\"caption-attachment-8713\" style=\"width: 575px\" class=\"wp-caption alignnone\"><a href=\"https:\/\/www.granadablogs.com\/juezcalatayud\/wp-content\/uploads\/2018\/06\/Notas-emi.jpg\"><img loading=\"lazy\" decoding=\"async\" class=\"wp-image-8713 size-full\" src=\"https:\/\/www.granadablogs.com\/juezcalatayud\/wp-content\/uploads\/2018\/06\/Notas-emi.jpg\" alt=\"\" width=\"575\" height=\"323\" srcset=\"https:\/\/www.granadablogs.com\/juezcalatayud\/wp-content\/uploads\/2018\/06\/Notas-emi.jpg 575w, https:\/\/www.granadablogs.com\/juezcalatayud\/wp-content\/uploads\/2018\/06\/Notas-emi-300x169.jpg 300w\" sizes=\"auto, (max-width: 575px) 100vw, 575px\" \/><\/a><figcaption id=\"caption-attachment-8713\" class=\"wp-caption-text\">xlsemanal.com<\/figcaption><\/figure>\n<p>Buenas, soy Emilio Calatayud. Los ni\u00f1os crecen y, cuando menos te lo esperas, ya han llegado a la mayor\u00eda de edad (f\u00edsica, porque la mental se retrasa cada vez m\u00e1s). Es ley de vida.\u00a0 Y ya con 18 a\u00f1os puede ocurrir, y de hecho, ocurre, que vayan a la universidad.\u00a0 Y har\u00e1n ex\u00e1menes. Y les dar\u00e1n unas calificaciones, las notas, vaya. Y habr\u00e1 padres que quieran conocerlas. Y habr\u00e1 universitarios que dir\u00e1n que no porque ya son mayores de edad. En esos casos, deber\u00edan pagarse ellos la formaci\u00f3n: las matr\u00edculas, la residencia, el piso, los alimentos, las juergas&#8230; Digo yo.<\/p>\n","protected":false},"excerpt":{"rendered":"<p>&nbsp; Buenas, soy Emilio Calatayud. Los ni\u00f1os crecen y, cuando menos te lo esperas, ya han llegado a la mayor\u00eda de edad (f\u00edsica, porque la mental se retrasa cada vez m\u00e1s). Es ley de vida.\u00a0 Y ya con 18 a\u00f1os puede ocurrir, y de hecho, ocurre, que vayan a la universidad.\u00a0 Y har\u00e1n ex\u00e1menes. Y [&hellip;]<\/p>\n","protected":false},"author":1,"featured_media":0,"comment_status":"open","ping_status":"open","sticky":false,"template":"","format":"standard","meta":{"jetpack_post_was_ever_published":false,"_jetpack_newsletter_access":"","_jetpack_dont_email_post_to_subs":false,"_jetpack_newsletter_tier_id":0,"_jetpack_memberships_contains_paywalled_content":false,"_jetpack_memberships_contains_paid_content":false,"footnotes":""},"categories":[1],"tags":[1293,3164,588],"class_list":["post-16173","post","type-post","status-publish","format-standard","hentry","category-blog","tag-estudios","tag-mayoria-de-edad","tag-notas"],"jetpack_featured_media_url":"","jetpack_shortlink":"https:\/\/wp.me\/p5fzW5-4cR","jetpack-related-posts":[],"jetpack_sharing_enabled":true,"_links":{"self":[{"href":"https:\/\/www.granadablogs.com\/juezcalatayud\/wp-json\/wp\/v2\/posts\/16173","targetHints":{"allow":["GET"]}}],"collection":[{"href":"https:\/\/www.granadablogs.com\/juezcalatayud\/wp-json\/wp\/v2\/posts"}],"about":[{"href":"https:\/\/www.granadablogs.com\/juezcalatayud\/wp-json\/wp\/v2\/types\/post"}],"author":[{"embeddable":true,"href":"https:\/\/www.granadablogs.com\/juezcalatayud\/wp-json\/wp\/v2\/users\/1"}],"replies":[{"embeddable":true,"href":"https:\/\/www.granadablogs.com\/juezcalatayud\/wp-json\/wp\/v2\/comments?post=16173"}],"version-history":[{"count":3,"href":"https:\/\/www.granadablogs.com\/juezcalatayud\/wp-json\/wp\/v2\/posts\/16173\/revisions"}],"predecessor-version":[{"id":16176,"href":"https:\/\/www.granadablogs.com\/juezcalatayud\/wp-json\/wp\/v2\/posts\/16173\/revisions\/16176"}],"wp:attachment":[{"href":"https:\/\/www.granadablogs.com\/juezcalatayud\/wp-json\/wp\/v2\/media?parent=16173"}],"wp:term":[{"taxonomy":"category","embeddable":true,"href":"https:\/\/www.granadablogs.com\/juezcalatayud\/wp-json\/wp\/v2\/categories?post=16173"},{"taxonomy":"post_tag","embeddable":true,"href":"https:\/\/www.granadablogs.com\/juezcalatayud\/wp-json\/wp\/v2\/tags?post=16173"}],"curies":[{"name":"wp","href":"https:\/\/api.w.org\/{rel}","templated":true}]}}