{"id":16169,"date":"2022-04-11T21:05:17","date_gmt":"2022-04-11T19:05:17","guid":{"rendered":"https:\/\/www.granadablogs.com\/juezcalatayud\/?p=16169"},"modified":"2022-04-11T21:06:56","modified_gmt":"2022-04-11T19:06:56","slug":"antes-inquietaba-que-los-hijos-estuvieran-siempre-en-la-calle-y-ahora-lo-preocupante-es-que-se-encierren-en-su-habitacion","status":"publish","type":"post","link":"https:\/\/www.granadablogs.com\/juezcalatayud\/2022\/04\/antes-inquietaba-que-los-hijos-estuvieran-siempre-en-la-calle-y-ahora-lo-preocupante-es-que-se-encierren-en-su-habitacion\/","title":{"rendered":"Antes inquietaba que los hijos estuvieran siempre en la calle y ahora lo preocupante es que se encierren en su habitaci\u00f3n"},"content":{"rendered":"<p>&nbsp;<\/p>\n<figure id=\"attachment_11820\" aria-describedby=\"caption-attachment-11820\" style=\"width: 644px\" class=\"wp-caption alignnone\"><a href=\"https:\/\/www.granadablogs.com\/juezcalatayud\/wp-content\/uploads\/2019\/12\/Emil-neuf.jpg\"><img loading=\"lazy\" decoding=\"async\" class=\"wp-image-11820 size-large\" src=\"https:\/\/www.granadablogs.com\/juezcalatayud\/wp-content\/uploads\/2019\/12\/Emil-neuf-644x429.jpg\" alt=\"\" width=\"644\" height=\"429\" srcset=\"https:\/\/www.granadablogs.com\/juezcalatayud\/wp-content\/uploads\/2019\/12\/Emil-neuf-644x429.jpg 644w, https:\/\/www.granadablogs.com\/juezcalatayud\/wp-content\/uploads\/2019\/12\/Emil-neuf-300x200.jpg 300w, https:\/\/www.granadablogs.com\/juezcalatayud\/wp-content\/uploads\/2019\/12\/Emil-neuf-768x512.jpg 768w\" sizes=\"auto, (max-width: 644px) 100vw, 644px\" \/><\/a><figcaption id=\"caption-attachment-11820\" class=\"wp-caption-text\">Foto: Alfredo Aguilar<\/figcaption><\/figure>\n<p>Buenas, soy Emilio Calatayud.\u00a0 A nuestros padres les inquietaba que los hijos estuvi\u00e9ramos todo el santo d\u00eda en la calle. \u00bfD\u00f3nde andar\u00e1n? \u00bfCon qui\u00e9n estar\u00e1n? \u00bfC\u00f3mo vendr\u00e1n? Y lo normal es que volvi\u00e9ramos con rasgu\u00f1os por todas partes y moratones.<\/p>\n<p>En cambio ahora lo preocupante es que los hijos se encierren en su habitaci\u00f3n y no salgan durante horas. \u00bfSer\u00e1 adicto al Internet? \u00bfEstar\u00e1 pirateando algo? Llaman a la puerta, \u00bfser\u00e1 la Polic\u00eda que viene por algo que ha hecho el ni\u00f1o con el ordenador?<\/p>\n<p>Nuevas preguntas para nuevos tiempos. El caso es que los padres no descansan hasta que se mueren.<\/p>\n<p>&nbsp;<\/p>\n","protected":false},"excerpt":{"rendered":"<p>&nbsp; Buenas, soy Emilio Calatayud.\u00a0 A nuestros padres les inquietaba que los hijos estuvi\u00e9ramos todo el santo d\u00eda en la calle. \u00bfD\u00f3nde andar\u00e1n? \u00bfCon qui\u00e9n estar\u00e1n? \u00bfC\u00f3mo vendr\u00e1n? Y lo normal es que volvi\u00e9ramos con rasgu\u00f1os por todas partes y moratones. En cambio ahora lo preocupante es que los hijos se encierren en su habitaci\u00f3n [&hellip;]<\/p>\n","protected":false},"author":1,"featured_media":0,"comment_status":"open","ping_status":"open","sticky":false,"template":"","format":"standard","meta":{"jetpack_post_was_ever_published":false,"_jetpack_newsletter_access":"","_jetpack_dont_email_post_to_subs":false,"_jetpack_newsletter_tier_id":0,"_jetpack_memberships_contains_paywalled_content":false,"_jetpack_memberships_contains_paid_content":false,"footnotes":""},"categories":[1],"tags":[439,3163,90],"class_list":["post-16169","post","type-post","status-publish","format-standard","hentry","category-blog","tag-calle","tag-habitacion","tag-padres"],"jetpack_featured_media_url":"","jetpack_shortlink":"https:\/\/wp.me\/p5fzW5-4cN","jetpack-related-posts":[],"jetpack_sharing_enabled":true,"_links":{"self":[{"href":"https:\/\/www.granadablogs.com\/juezcalatayud\/wp-json\/wp\/v2\/posts\/16169","targetHints":{"allow":["GET"]}}],"collection":[{"href":"https:\/\/www.granadablogs.com\/juezcalatayud\/wp-json\/wp\/v2\/posts"}],"about":[{"href":"https:\/\/www.granadablogs.com\/juezcalatayud\/wp-json\/wp\/v2\/types\/post"}],"author":[{"embeddable":true,"href":"https:\/\/www.granadablogs.com\/juezcalatayud\/wp-json\/wp\/v2\/users\/1"}],"replies":[{"embeddable":true,"href":"https:\/\/www.granadablogs.com\/juezcalatayud\/wp-json\/wp\/v2\/comments?post=16169"}],"version-history":[{"count":2,"href":"https:\/\/www.granadablogs.com\/juezcalatayud\/wp-json\/wp\/v2\/posts\/16169\/revisions"}],"predecessor-version":[{"id":16171,"href":"https:\/\/www.granadablogs.com\/juezcalatayud\/wp-json\/wp\/v2\/posts\/16169\/revisions\/16171"}],"wp:attachment":[{"href":"https:\/\/www.granadablogs.com\/juezcalatayud\/wp-json\/wp\/v2\/media?parent=16169"}],"wp:term":[{"taxonomy":"category","embeddable":true,"href":"https:\/\/www.granadablogs.com\/juezcalatayud\/wp-json\/wp\/v2\/categories?post=16169"},{"taxonomy":"post_tag","embeddable":true,"href":"https:\/\/www.granadablogs.com\/juezcalatayud\/wp-json\/wp\/v2\/tags?post=16169"}],"curies":[{"name":"wp","href":"https:\/\/api.w.org\/{rel}","templated":true}]}}