{"id":1613,"date":"2012-01-09T19:01:35","date_gmt":"2012-01-09T18:01:35","guid":{"rendered":"http:\/\/www.granadablogs.com\/juezcalatayud\/?p=1613"},"modified":"2012-01-09T19:01:35","modified_gmt":"2012-01-09T18:01:35","slug":"condenada-una-madre-por-pegar-a-su-hija-de-trece-anos-que-tambien-agredio-a-su-progenitora","status":"publish","type":"post","link":"https:\/\/www.granadablogs.com\/juezcalatayud\/2012\/01\/condenada-una-madre-por-pegar-a-su-hija-de-trece-anos-que-tambien-agredio-a-su-progenitora\/","title":{"rendered":"Condenada una madre por pegar a su hija de trece a\u00f1os, que tambi\u00e9n agredi\u00f3 a su progenitora"},"content":{"rendered":"<p>Es un caso llamativo: una pelea entre una madre y una hija que, judicialmente, ha concluido con la condena de la primera. Exigi\u00f3 a su hija que se lavase los pies antes de ponerlos sobre el sof\u00e1 y la ni\u00f1a -trece a\u00f1os- se neg\u00f3. Discutieron y llegaron a las manos, y la madre ha sido condenada. Aqu\u00ed va la noticia. Es de la agencia Europa Press.<br \/>\n\u00abLa secci\u00f3n segunda de la Audiencia Provincial de Castell\u00f3n ha confirmado la sentencia que condena a una mujer a 33 d\u00edas de trabajos en beneficio de la comunidad o, subsidiariamente, y s\u00f3lo para el caso de no consentir personalmente en los mismos, de tres meses y 23 d\u00edas de prisi\u00f3n, como autora de un delito de violencia dom\u00e9stica por pegar a su hija de 13 a\u00f1os.<\/p>\n<p>As\u00ed, la Sala desestima el recurso de apelaci\u00f3n interpuesto por la condenada contra la sentencia que dict\u00f3 el juzgado de lo penal n\u00famero 3 de Castell\u00f3n, la cual declar\u00f3 como hechos probados que el 3 de julio de 2007 la acusada y su hija de 13 a\u00f1os se encontraban en el domicilio familiar, donde mantuvieron una acalorada discusi\u00f3n.<\/p>\n<p>La menor, lejos de obedecer a su madre para que se lavara los pies antes de ponerlos sobre el sof\u00e1, la desafi\u00f3 encendiendo la televisi\u00f3n en varias ocasiones, motivo por lo que se enzarzaron mutuamente con golpes, ara\u00f1azos y estirones de pelo, y tuvo que separarlas una vecina que se encontraba en el lugar\u00bb. <\/p>\n","protected":false},"excerpt":{"rendered":"<p>Es un caso llamativo: una pelea entre una madre y una hija que, judicialmente, ha concluido con la condena de la primera. Exigi\u00f3 a su hija que se lavase los pies antes de ponerlos sobre el sof\u00e1 y la ni\u00f1a -trece a\u00f1os- se neg\u00f3. Discutieron y llegaron a las manos, y la madre ha sido [&hellip;]<\/p>\n","protected":false},"author":3,"featured_media":0,"comment_status":"open","ping_status":"open","sticky":false,"template":"","format":"standard","meta":{"jetpack_post_was_ever_published":false,"_jetpack_newsletter_access":"","_jetpack_dont_email_post_to_subs":false,"_jetpack_newsletter_tier_id":0,"_jetpack_memberships_contains_paywalled_content":false,"_jetpack_memberships_contains_paid_content":false,"footnotes":""},"categories":[1],"tags":[],"class_list":["post-1613","post","type-post","status-publish","format-standard","hentry","category-blog"],"jetpack_featured_media_url":"","jetpack_shortlink":"https:\/\/wp.me\/p5fzW5-q1","jetpack-related-posts":[],"jetpack_sharing_enabled":true,"_links":{"self":[{"href":"https:\/\/www.granadablogs.com\/juezcalatayud\/wp-json\/wp\/v2\/posts\/1613","targetHints":{"allow":["GET"]}}],"collection":[{"href":"https:\/\/www.granadablogs.com\/juezcalatayud\/wp-json\/wp\/v2\/posts"}],"about":[{"href":"https:\/\/www.granadablogs.com\/juezcalatayud\/wp-json\/wp\/v2\/types\/post"}],"author":[{"embeddable":true,"href":"https:\/\/www.granadablogs.com\/juezcalatayud\/wp-json\/wp\/v2\/users\/3"}],"replies":[{"embeddable":true,"href":"https:\/\/www.granadablogs.com\/juezcalatayud\/wp-json\/wp\/v2\/comments?post=1613"}],"version-history":[{"count":1,"href":"https:\/\/www.granadablogs.com\/juezcalatayud\/wp-json\/wp\/v2\/posts\/1613\/revisions"}],"predecessor-version":[{"id":1614,"href":"https:\/\/www.granadablogs.com\/juezcalatayud\/wp-json\/wp\/v2\/posts\/1613\/revisions\/1614"}],"wp:attachment":[{"href":"https:\/\/www.granadablogs.com\/juezcalatayud\/wp-json\/wp\/v2\/media?parent=1613"}],"wp:term":[{"taxonomy":"category","embeddable":true,"href":"https:\/\/www.granadablogs.com\/juezcalatayud\/wp-json\/wp\/v2\/categories?post=1613"},{"taxonomy":"post_tag","embeddable":true,"href":"https:\/\/www.granadablogs.com\/juezcalatayud\/wp-json\/wp\/v2\/tags?post=1613"}],"curies":[{"name":"wp","href":"https:\/\/api.w.org\/{rel}","templated":true}]}}