{"id":1608,"date":"2012-01-03T22:04:51","date_gmt":"2012-01-03T21:04:51","guid":{"rendered":"http:\/\/www.granadablogs.com\/juezcalatayud\/?p=1608"},"modified":"2012-01-03T22:04:51","modified_gmt":"2012-01-03T21:04:51","slug":"los-ninos-tienen-que-ir-al-colegio","status":"publish","type":"post","link":"https:\/\/www.granadablogs.com\/juezcalatayud\/2012\/01\/los-ninos-tienen-que-ir-al-colegio\/","title":{"rendered":"Los ni\u00f1os tienen que ir al colegio"},"content":{"rendered":"<p>Buenas, soy Emilio Calatayud. Sobre el asunto este de educar a los ni\u00f1os en casa y no en la escuela, yo comparto lo que dice el Tribunal Constitucional. Si la ense\u00f1anza es obligatoria, tiene que estar reglada. Adem\u00e1s, y como dice el Constitucional, educar no es solo adquirir conocimientos cient\u00edficos, etc: tambi\u00e9n es socializaci\u00f3n. Y la socializaci\u00f3n est\u00e1 dentro del \u00e1mbito escolar. Los ni\u00f1os tienen que ir al colegio, tienen que convivir con otros ni\u00f1os. Eso no quita para que tengan sus apoyos, sus clases particulares o lo que se quiera. Pero, insisto, los ni\u00f1os donde tienen que estar es en el colegio. De hecho, yo siempre he defendido que, cuando un menor comete una infracci\u00f3n en el colegio, hay que buscar alternativas a la expulsi\u00f3n. Un saludo.<\/p>\n","protected":false},"excerpt":{"rendered":"<p>Buenas, soy Emilio Calatayud. Sobre el asunto este de educar a los ni\u00f1os en casa y no en la escuela, yo comparto lo que dice el Tribunal Constitucional. Si la ense\u00f1anza es obligatoria, tiene que estar reglada. Adem\u00e1s, y como dice el Constitucional, educar no es solo adquirir conocimientos cient\u00edficos, etc: tambi\u00e9n es socializaci\u00f3n. Y [&hellip;]<\/p>\n","protected":false},"author":2,"featured_media":0,"comment_status":"open","ping_status":"open","sticky":false,"template":"","format":"standard","meta":{"jetpack_post_was_ever_published":false,"_jetpack_newsletter_access":"","_jetpack_dont_email_post_to_subs":false,"_jetpack_newsletter_tier_id":0,"_jetpack_memberships_contains_paywalled_content":false,"_jetpack_memberships_contains_paid_content":false,"footnotes":""},"categories":[1],"tags":[293,41],"class_list":["post-1608","post","type-post","status-publish","format-standard","hentry","category-blog","tag-colegio","tag-ninos"],"jetpack_featured_media_url":"","jetpack_shortlink":"https:\/\/wp.me\/p5fzW5-pW","jetpack-related-posts":[],"jetpack_sharing_enabled":true,"_links":{"self":[{"href":"https:\/\/www.granadablogs.com\/juezcalatayud\/wp-json\/wp\/v2\/posts\/1608","targetHints":{"allow":["GET"]}}],"collection":[{"href":"https:\/\/www.granadablogs.com\/juezcalatayud\/wp-json\/wp\/v2\/posts"}],"about":[{"href":"https:\/\/www.granadablogs.com\/juezcalatayud\/wp-json\/wp\/v2\/types\/post"}],"author":[{"embeddable":true,"href":"https:\/\/www.granadablogs.com\/juezcalatayud\/wp-json\/wp\/v2\/users\/2"}],"replies":[{"embeddable":true,"href":"https:\/\/www.granadablogs.com\/juezcalatayud\/wp-json\/wp\/v2\/comments?post=1608"}],"version-history":[{"count":2,"href":"https:\/\/www.granadablogs.com\/juezcalatayud\/wp-json\/wp\/v2\/posts\/1608\/revisions"}],"predecessor-version":[{"id":1610,"href":"https:\/\/www.granadablogs.com\/juezcalatayud\/wp-json\/wp\/v2\/posts\/1608\/revisions\/1610"}],"wp:attachment":[{"href":"https:\/\/www.granadablogs.com\/juezcalatayud\/wp-json\/wp\/v2\/media?parent=1608"}],"wp:term":[{"taxonomy":"category","embeddable":true,"href":"https:\/\/www.granadablogs.com\/juezcalatayud\/wp-json\/wp\/v2\/categories?post=1608"},{"taxonomy":"post_tag","embeddable":true,"href":"https:\/\/www.granadablogs.com\/juezcalatayud\/wp-json\/wp\/v2\/tags?post=1608"}],"curies":[{"name":"wp","href":"https:\/\/api.w.org\/{rel}","templated":true}]}}