{"id":16067,"date":"2022-03-11T20:17:30","date_gmt":"2022-03-11T18:17:30","guid":{"rendered":"https:\/\/www.granadablogs.com\/juezcalatayud\/?p=16067"},"modified":"2022-03-11T20:17:30","modified_gmt":"2022-03-11T18:17:30","slug":"un-rapero-rima-en-el-banquillo-de-los-acusados-del-juzgado-de-don-emilio","status":"publish","type":"post","link":"https:\/\/www.granadablogs.com\/juezcalatayud\/2022\/03\/un-rapero-rima-en-el-banquillo-de-los-acusados-del-juzgado-de-don-emilio\/","title":{"rendered":"Un rapero rima en el banquillo de los acusados del juzgado de don Emilio"},"content":{"rendered":"<p>&nbsp;<\/p>\n<figure id=\"attachment_12792\" aria-describedby=\"caption-attachment-12792\" style=\"width: 644px\" class=\"wp-caption aligncenter\"><img loading=\"lazy\" decoding=\"async\" class=\"wp-image-12792 size-large\" src=\"https:\/\/www.granadablogs.com\/juezcalatayud\/wp-content\/uploads\/2020\/05\/Nueva-dos-644x429.jpg\" alt=\"\" width=\"644\" height=\"429\" srcset=\"https:\/\/www.granadablogs.com\/juezcalatayud\/wp-content\/uploads\/2020\/05\/Nueva-dos-644x429.jpg 644w, https:\/\/www.granadablogs.com\/juezcalatayud\/wp-content\/uploads\/2020\/05\/Nueva-dos-300x200.jpg 300w, https:\/\/www.granadablogs.com\/juezcalatayud\/wp-content\/uploads\/2020\/05\/Nueva-dos-768x512.jpg 768w, https:\/\/www.granadablogs.com\/juezcalatayud\/wp-content\/uploads\/2020\/05\/Nueva-dos.jpg 800w\" sizes=\"auto, (max-width: 644px) 100vw, 644px\" \/><figcaption id=\"caption-attachment-12792\" class=\"wp-caption-text\">Foto: Pepe Mar\u00edn<\/figcaption><\/figure>\n<p>Hola, soy Carlos Mor\u00e1n, el compa\u00f1ero de blog del juez. No era la primera vez ni ser\u00e1 la \u00faltima. Aqu\u00ed os dejamos una historia de esas que solo pueden pasar en su juzgado. Esperamos que os guste.<\/p>\n<p class=\"voc-paragraph\">\u00abPr\u00e1cticamente todo es posible en el tribunal de don Emilio. Hace unos d\u00edas, sin ir m\u00e1s lejos, la sala de vistas del Juzgado de Menores 1 de Granada se convirti\u00f3 en el escenario de un improvisado recital durante unos segundos. El caso no ten\u00eda demasiada enjundia penal, pero, justo antes del &#8216;visto para sentencia&#8217;, lleg\u00f3 el regalo. Calatayud, como tiene por costumbre, pregunt\u00f3 al joven que a qu\u00e9 se dedicaba. El adolescente respondi\u00f3 que le gustar\u00eda ser rapero, que se le daba bien rimar y que cre\u00eda que podr\u00eda tener futuro juntando versos musicados.<\/p>\n<p class=\"voc-paragraph\">El juez le invit\u00f3 entonces a que ense\u00f1ara su talento en vivo y directo. El chico acept\u00f3 el reto y se puso a rapear en el banquillo de los acusados. El argumento: la vida en la calle, la posibilidad de la redenci\u00f3n&#8230;<\/p>\n<p class=\"voc-paragraph\">Preguntado por la calidad de la actuaci\u00f3n, Calatayud no quiso mojarse: &#8216;Bueno, ha cantado como todos los raperos&#8217;, fue su escueta cr\u00edtica, que no se sabe si es favorable o no\u00bb.<\/p>\n<p><a href=\"https:\/\/www.ideal.es\/granada\/chaval-rapea-banquillo-juez-calatayud-20220310190422-nt.html\">https:\/\/www.ideal.es\/granada\/chaval-rapea-banquillo-juez-calatayud-20220310190422-nt.html<\/a><\/p>\n","protected":false},"excerpt":{"rendered":"<p>&nbsp; Hola, soy Carlos Mor\u00e1n, el compa\u00f1ero de blog del juez. No era la primera vez ni ser\u00e1 la \u00faltima. Aqu\u00ed os dejamos una historia de esas que solo pueden pasar en su juzgado. Esperamos que os guste. \u00abPr\u00e1cticamente todo es posible en el tribunal de don Emilio. Hace unos d\u00edas, sin ir m\u00e1s lejos, [&hellip;]<\/p>\n","protected":false},"author":3,"featured_media":0,"comment_status":"open","ping_status":"open","sticky":false,"template":"","format":"standard","meta":{"jetpack_post_was_ever_published":false,"_jetpack_newsletter_access":"","_jetpack_dont_email_post_to_subs":false,"_jetpack_newsletter_tier_id":0,"_jetpack_memberships_contains_paywalled_content":false,"_jetpack_memberships_contains_paid_content":false,"footnotes":""},"categories":[1],"tags":[12,284,2756],"class_list":["post-16067","post","type-post","status-publish","format-standard","hentry","category-blog","tag-don-emilio","tag-juzgado","tag-rap"],"jetpack_featured_media_url":"","jetpack_shortlink":"https:\/\/wp.me\/p5fzW5-4b9","jetpack-related-posts":[],"jetpack_sharing_enabled":true,"_links":{"self":[{"href":"https:\/\/www.granadablogs.com\/juezcalatayud\/wp-json\/wp\/v2\/posts\/16067","targetHints":{"allow":["GET"]}}],"collection":[{"href":"https:\/\/www.granadablogs.com\/juezcalatayud\/wp-json\/wp\/v2\/posts"}],"about":[{"href":"https:\/\/www.granadablogs.com\/juezcalatayud\/wp-json\/wp\/v2\/types\/post"}],"author":[{"embeddable":true,"href":"https:\/\/www.granadablogs.com\/juezcalatayud\/wp-json\/wp\/v2\/users\/3"}],"replies":[{"embeddable":true,"href":"https:\/\/www.granadablogs.com\/juezcalatayud\/wp-json\/wp\/v2\/comments?post=16067"}],"version-history":[{"count":1,"href":"https:\/\/www.granadablogs.com\/juezcalatayud\/wp-json\/wp\/v2\/posts\/16067\/revisions"}],"predecessor-version":[{"id":16068,"href":"https:\/\/www.granadablogs.com\/juezcalatayud\/wp-json\/wp\/v2\/posts\/16067\/revisions\/16068"}],"wp:attachment":[{"href":"https:\/\/www.granadablogs.com\/juezcalatayud\/wp-json\/wp\/v2\/media?parent=16067"}],"wp:term":[{"taxonomy":"category","embeddable":true,"href":"https:\/\/www.granadablogs.com\/juezcalatayud\/wp-json\/wp\/v2\/categories?post=16067"},{"taxonomy":"post_tag","embeddable":true,"href":"https:\/\/www.granadablogs.com\/juezcalatayud\/wp-json\/wp\/v2\/tags?post=16067"}],"curies":[{"name":"wp","href":"https:\/\/api.w.org\/{rel}","templated":true}]}}