{"id":16062,"date":"2022-03-10T21:04:29","date_gmt":"2022-03-10T19:04:29","guid":{"rendered":"https:\/\/www.granadablogs.com\/juezcalatayud\/?p=16062"},"modified":"2022-03-10T21:04:29","modified_gmt":"2022-03-10T19:04:29","slug":"manana-se-cumplen-18-anos-la-masacre-del-11-m-en-madrid-ucrania-esta-sufriendo-una-salvajada-asi-a-diario","status":"publish","type":"post","link":"https:\/\/www.granadablogs.com\/juezcalatayud\/2022\/03\/manana-se-cumplen-18-anos-la-masacre-del-11-m-en-madrid-ucrania-esta-sufriendo-una-salvajada-asi-a-diario\/","title":{"rendered":"Ma\u00f1ana se cumplen 18 a\u00f1os la masacre del 11-M en Madrid: Ucrania est\u00e1 sufriendo una salvajada as\u00ed a diario"},"content":{"rendered":"<p>&nbsp;<\/p>\n<figure id=\"attachment_9183\" aria-describedby=\"caption-attachment-9183\" style=\"width: 644px\" class=\"wp-caption alignnone\"><a href=\"https:\/\/www.granadablogs.com\/juezcalatayud\/wp-content\/uploads\/2018\/09\/Oscuridad.jpg\"><img loading=\"lazy\" decoding=\"async\" class=\"wp-image-9183 size-large\" src=\"https:\/\/www.granadablogs.com\/juezcalatayud\/wp-content\/uploads\/2018\/09\/Oscuridad-644x429.jpg\" alt=\"\" width=\"644\" height=\"429\" srcset=\"https:\/\/www.granadablogs.com\/juezcalatayud\/wp-content\/uploads\/2018\/09\/Oscuridad-644x429.jpg 644w, https:\/\/www.granadablogs.com\/juezcalatayud\/wp-content\/uploads\/2018\/09\/Oscuridad-300x200.jpg 300w, https:\/\/www.granadablogs.com\/juezcalatayud\/wp-content\/uploads\/2018\/09\/Oscuridad-768x512.jpg 768w, https:\/\/www.granadablogs.com\/juezcalatayud\/wp-content\/uploads\/2018\/09\/Oscuridad.jpg 1350w\" sizes=\"auto, (max-width: 644px) 100vw, 644px\" \/><\/a><figcaption id=\"caption-attachment-9183\" class=\"wp-caption-text\">Foto: Ferm\u00edn Rodr\u00edguez<\/figcaption><\/figure>\n<p>Buenas. soy Emilio Calatayud. Ma\u00f1ana se cumplen 18 a\u00f1os de la masacre terrorista del 11-M en Madrid, los atentados con bombas contra varios trenes que dejaron 192 muertos y centenares de heridos. No os olvidamos. Y nos acordamos de nuevo de las gentes e Ucrania, que est\u00e1n sufriendo una salvajada as\u00ed a diario.<\/p>\n","protected":false},"excerpt":{"rendered":"<p>&nbsp; Buenas. soy Emilio Calatayud. Ma\u00f1ana se cumplen 18 a\u00f1os de la masacre terrorista del 11-M en Madrid, los atentados con bombas contra varios trenes que dejaron 192 muertos y centenares de heridos. No os olvidamos. Y nos acordamos de nuevo de las gentes e Ucrania, que est\u00e1n sufriendo una salvajada as\u00ed a diario.<\/p>\n","protected":false},"author":1,"featured_media":0,"comment_status":"open","ping_status":"open","sticky":false,"template":"","format":"standard","meta":{"jetpack_post_was_ever_published":false,"_jetpack_newsletter_access":"","_jetpack_dont_email_post_to_subs":false,"_jetpack_newsletter_tier_id":0,"_jetpack_memberships_contains_paywalled_content":false,"_jetpack_memberships_contains_paid_content":false,"footnotes":""},"categories":[1],"tags":[841,3126],"class_list":["post-16062","post","type-post","status-publish","format-standard","hentry","category-blog","tag-11-m","tag-ucrania"],"jetpack_featured_media_url":"","jetpack_shortlink":"https:\/\/wp.me\/p5fzW5-4b4","jetpack-related-posts":[],"jetpack_sharing_enabled":true,"_links":{"self":[{"href":"https:\/\/www.granadablogs.com\/juezcalatayud\/wp-json\/wp\/v2\/posts\/16062","targetHints":{"allow":["GET"]}}],"collection":[{"href":"https:\/\/www.granadablogs.com\/juezcalatayud\/wp-json\/wp\/v2\/posts"}],"about":[{"href":"https:\/\/www.granadablogs.com\/juezcalatayud\/wp-json\/wp\/v2\/types\/post"}],"author":[{"embeddable":true,"href":"https:\/\/www.granadablogs.com\/juezcalatayud\/wp-json\/wp\/v2\/users\/1"}],"replies":[{"embeddable":true,"href":"https:\/\/www.granadablogs.com\/juezcalatayud\/wp-json\/wp\/v2\/comments?post=16062"}],"version-history":[{"count":1,"href":"https:\/\/www.granadablogs.com\/juezcalatayud\/wp-json\/wp\/v2\/posts\/16062\/revisions"}],"predecessor-version":[{"id":16063,"href":"https:\/\/www.granadablogs.com\/juezcalatayud\/wp-json\/wp\/v2\/posts\/16062\/revisions\/16063"}],"wp:attachment":[{"href":"https:\/\/www.granadablogs.com\/juezcalatayud\/wp-json\/wp\/v2\/media?parent=16062"}],"wp:term":[{"taxonomy":"category","embeddable":true,"href":"https:\/\/www.granadablogs.com\/juezcalatayud\/wp-json\/wp\/v2\/categories?post=16062"},{"taxonomy":"post_tag","embeddable":true,"href":"https:\/\/www.granadablogs.com\/juezcalatayud\/wp-json\/wp\/v2\/tags?post=16062"}],"curies":[{"name":"wp","href":"https:\/\/api.w.org\/{rel}","templated":true}]}}