{"id":16059,"date":"2022-03-09T21:24:46","date_gmt":"2022-03-09T19:24:46","guid":{"rendered":"https:\/\/www.granadablogs.com\/juezcalatayud\/?p=16059"},"modified":"2022-03-09T21:25:02","modified_gmt":"2022-03-09T19:25:02","slug":"san-miguel-un-centro-de-ninos-de-granada-que-fue-cerrado-hace-un-ano-y-podria-reabrirse-para-los-refugiados-de-ucrania","status":"publish","type":"post","link":"https:\/\/www.granadablogs.com\/juezcalatayud\/2022\/03\/san-miguel-un-centro-de-ninos-de-granada-que-fue-cerrado-hace-un-ano-y-podria-reabrirse-para-los-refugiados-de-ucrania\/","title":{"rendered":"San Miguel, un centro de ni\u00f1os de Granada que fue cerrado hace un a\u00f1o y podr\u00eda reabrirse para los refugiados de Ucrania"},"content":{"rendered":"<p>&nbsp;<\/p>\n<figure id=\"attachment_11820\" aria-describedby=\"caption-attachment-11820\" style=\"width: 644px\" class=\"wp-caption alignnone\"><a href=\"https:\/\/www.granadablogs.com\/juezcalatayud\/wp-content\/uploads\/2019\/12\/Emil-neuf.jpg\"><img loading=\"lazy\" decoding=\"async\" class=\"wp-image-11820 size-large\" src=\"https:\/\/www.granadablogs.com\/juezcalatayud\/wp-content\/uploads\/2019\/12\/Emil-neuf-644x429.jpg\" alt=\"\" width=\"644\" height=\"429\" srcset=\"https:\/\/www.granadablogs.com\/juezcalatayud\/wp-content\/uploads\/2019\/12\/Emil-neuf-644x429.jpg 644w, https:\/\/www.granadablogs.com\/juezcalatayud\/wp-content\/uploads\/2019\/12\/Emil-neuf-300x200.jpg 300w, https:\/\/www.granadablogs.com\/juezcalatayud\/wp-content\/uploads\/2019\/12\/Emil-neuf-768x512.jpg 768w\" sizes=\"auto, (max-width: 644px) 100vw, 644px\" \/><\/a><figcaption id=\"caption-attachment-11820\" class=\"wp-caption-text\">Foto: Alfredo Aguilar<\/figcaption><\/figure>\n<p>Buenas, soy Emilio Calatayud. La verdad es que es admirable la reacci\u00f3n del pueblo espa\u00f1ol ante la tragedia de Ucrania. Como todo el mundo que tenga coraz\u00f3n, Carlos Mor\u00e1n y yo hemos estado hablando esta ma\u00f1ana del drama y nos hemos acordado de San Miguel, un centro que ha acogido ni\u00f1os (tanto infractores como desprotegidos) desde tiempo inmemorial, pero que fue cerrado hace ahora un a\u00f1o al habilitarse otro centro nuevo en Granada. San Miguel est\u00e1 en la parte alta del Albaic\u00edn, tiene unas vistas maravillosas y podr\u00eda reabrirse para acoger a algunos de esos refugiados ucranianos, madres y ni\u00f1os, que huyen de las bombas de Putin. En el barrio, que es mi barrio, estar\u00edamos encantados de tener a estas personas como vecinos. No habr\u00eda dinero p\u00fablico mejor empleado que ese. A ver si la Junta de Andaluc\u00eda, que es de quien depende San Miguel,\u00a0 toma nota.<\/p>\n<p class=\"voc-paragraph\">Ya en los a\u00f1os 50 del siglo pasado, San Miguel estaba al servicio del Tribunal Tutelar de Menores, el embri\u00f3n de la actual justicia de Menores y estuvo regentado por los Hermanos Obreros de Mar\u00eda hasta que pas\u00f3 a depender de la administraci\u00f3n p\u00fablica.<\/p>\n","protected":false},"excerpt":{"rendered":"<p>&nbsp; Buenas, soy Emilio Calatayud. La verdad es que es admirable la reacci\u00f3n del pueblo espa\u00f1ol ante la tragedia de Ucrania. Como todo el mundo que tenga coraz\u00f3n, Carlos Mor\u00e1n y yo hemos estado hablando esta ma\u00f1ana del drama y nos hemos acordado de San Miguel, un centro que ha acogido ni\u00f1os (tanto infractores como [&hellip;]<\/p>\n","protected":false},"author":1,"featured_media":0,"comment_status":"open","ping_status":"open","sticky":false,"template":"","format":"standard","meta":{"jetpack_post_was_ever_published":false,"_jetpack_newsletter_access":"","_jetpack_dont_email_post_to_subs":false,"_jetpack_newsletter_tier_id":0,"_jetpack_memberships_contains_paywalled_content":false,"_jetpack_memberships_contains_paid_content":false,"footnotes":""},"categories":[1],"tags":[15,2151,3126],"class_list":["post-16059","post","type-post","status-publish","format-standard","hentry","category-blog","tag-granada","tag-refugiados","tag-ucrania"],"jetpack_featured_media_url":"","jetpack_shortlink":"https:\/\/wp.me\/p5fzW5-4b1","jetpack-related-posts":[],"jetpack_sharing_enabled":true,"_links":{"self":[{"href":"https:\/\/www.granadablogs.com\/juezcalatayud\/wp-json\/wp\/v2\/posts\/16059","targetHints":{"allow":["GET"]}}],"collection":[{"href":"https:\/\/www.granadablogs.com\/juezcalatayud\/wp-json\/wp\/v2\/posts"}],"about":[{"href":"https:\/\/www.granadablogs.com\/juezcalatayud\/wp-json\/wp\/v2\/types\/post"}],"author":[{"embeddable":true,"href":"https:\/\/www.granadablogs.com\/juezcalatayud\/wp-json\/wp\/v2\/users\/1"}],"replies":[{"embeddable":true,"href":"https:\/\/www.granadablogs.com\/juezcalatayud\/wp-json\/wp\/v2\/comments?post=16059"}],"version-history":[{"count":2,"href":"https:\/\/www.granadablogs.com\/juezcalatayud\/wp-json\/wp\/v2\/posts\/16059\/revisions"}],"predecessor-version":[{"id":16061,"href":"https:\/\/www.granadablogs.com\/juezcalatayud\/wp-json\/wp\/v2\/posts\/16059\/revisions\/16061"}],"wp:attachment":[{"href":"https:\/\/www.granadablogs.com\/juezcalatayud\/wp-json\/wp\/v2\/media?parent=16059"}],"wp:term":[{"taxonomy":"category","embeddable":true,"href":"https:\/\/www.granadablogs.com\/juezcalatayud\/wp-json\/wp\/v2\/categories?post=16059"},{"taxonomy":"post_tag","embeddable":true,"href":"https:\/\/www.granadablogs.com\/juezcalatayud\/wp-json\/wp\/v2\/tags?post=16059"}],"curies":[{"name":"wp","href":"https:\/\/api.w.org\/{rel}","templated":true}]}}