{"id":15971,"date":"2022-02-12T19:51:51","date_gmt":"2022-02-12T17:51:51","guid":{"rendered":"https:\/\/www.granadablogs.com\/juezcalatayud\/?p=15971"},"modified":"2022-02-12T19:51:51","modified_gmt":"2022-02-12T17:51:51","slug":"y-ahora-una-bocanada-de-vida-vamos-a-aupar-entre-todos-a-los-ninos-con-cancer","status":"publish","type":"post","link":"https:\/\/www.granadablogs.com\/juezcalatayud\/2022\/02\/y-ahora-una-bocanada-de-vida-vamos-a-aupar-entre-todos-a-los-ninos-con-cancer\/","title":{"rendered":"Y ahora una bocanada de vida: vamos a &#8216;Aupar&#8217; entre todos a los ni\u00f1os con c\u00e1ncer"},"content":{"rendered":"<figure id=\"attachment_8737\" aria-describedby=\"caption-attachment-8737\" style=\"width: 624px\" class=\"wp-caption alignnone\"><a href=\"https:\/\/www.granadablogs.com\/juezcalatayud\/wp-content\/uploads\/2018\/07\/risa.jpg\"><img loading=\"lazy\" decoding=\"async\" class=\"wp-image-8737 size-full\" src=\"https:\/\/www.granadablogs.com\/juezcalatayud\/wp-content\/uploads\/2018\/07\/risa.jpg\" alt=\"\" width=\"624\" height=\"385\" srcset=\"https:\/\/www.granadablogs.com\/juezcalatayud\/wp-content\/uploads\/2018\/07\/risa.jpg 624w, https:\/\/www.granadablogs.com\/juezcalatayud\/wp-content\/uploads\/2018\/07\/risa-300x185.jpg 300w\" sizes=\"auto, (max-width: 624px) 100vw, 624px\" \/><\/a><figcaption id=\"caption-attachment-8737\" class=\"wp-caption-text\">ideal.es<\/figcaption><\/figure>\n<p>Buenas, soy Emilio Calatayud de nuevo. Pero esta vez venimos con una bocanada de vida.\u00a0 El pr\u00f3ximo 15 de febrero, que es martes, es el D\u00eda Internacional del C\u00e1ncer Infantil, y como yo tengo algunos amiguillos que tienen la enfermedad, me piden que os cuente que ma\u00f1ana, domingo 13 de febrero, organizan una jornada en el Teatro\u00a0 Maestro Alonso de Granada\u00a0 para estar juntos y echar unas risas. Habr\u00e1 un taller de batucada,\u00a0 juegos tradicionales gigantes, otro taller de danza, una visita sorpresa&#8230;<\/p>\n<p>Detr\u00e1s de est\u00e1 iniciativa est\u00e1 la Asociaci\u00f3n A\u00fapa de Granada, impulsada por familias que tienen ni\u00f1os con c\u00e1ncer y que son todo un ejemplo de tenacidad. Vamos a &#8216;Aupar&#8217; entre todos a los ni\u00f1os con c\u00e1ncer.<\/p>\n","protected":false},"excerpt":{"rendered":"<p>Buenas, soy Emilio Calatayud de nuevo. Pero esta vez venimos con una bocanada de vida.\u00a0 El pr\u00f3ximo 15 de febrero, que es martes, es el D\u00eda Internacional del C\u00e1ncer Infantil, y como yo tengo algunos amiguillos que tienen la enfermedad, me piden que os cuente que ma\u00f1ana, domingo 13 de febrero, organizan una jornada en [&hellip;]<\/p>\n","protected":false},"author":1,"featured_media":0,"comment_status":"open","ping_status":"open","sticky":false,"template":"","format":"standard","meta":{"jetpack_post_was_ever_published":false,"_jetpack_newsletter_access":"","_jetpack_dont_email_post_to_subs":false,"_jetpack_newsletter_tier_id":0,"_jetpack_memberships_contains_paywalled_content":false,"_jetpack_memberships_contains_paid_content":false,"footnotes":""},"categories":[1],"tags":[3065,3116],"class_list":["post-15971","post","type-post","status-publish","format-standard","hentry","category-blog","tag-aupa","tag-cancer-infantil"],"jetpack_featured_media_url":"","jetpack_shortlink":"https:\/\/wp.me\/p5fzW5-49B","jetpack-related-posts":[],"jetpack_sharing_enabled":true,"_links":{"self":[{"href":"https:\/\/www.granadablogs.com\/juezcalatayud\/wp-json\/wp\/v2\/posts\/15971","targetHints":{"allow":["GET"]}}],"collection":[{"href":"https:\/\/www.granadablogs.com\/juezcalatayud\/wp-json\/wp\/v2\/posts"}],"about":[{"href":"https:\/\/www.granadablogs.com\/juezcalatayud\/wp-json\/wp\/v2\/types\/post"}],"author":[{"embeddable":true,"href":"https:\/\/www.granadablogs.com\/juezcalatayud\/wp-json\/wp\/v2\/users\/1"}],"replies":[{"embeddable":true,"href":"https:\/\/www.granadablogs.com\/juezcalatayud\/wp-json\/wp\/v2\/comments?post=15971"}],"version-history":[{"count":2,"href":"https:\/\/www.granadablogs.com\/juezcalatayud\/wp-json\/wp\/v2\/posts\/15971\/revisions"}],"predecessor-version":[{"id":15973,"href":"https:\/\/www.granadablogs.com\/juezcalatayud\/wp-json\/wp\/v2\/posts\/15971\/revisions\/15973"}],"wp:attachment":[{"href":"https:\/\/www.granadablogs.com\/juezcalatayud\/wp-json\/wp\/v2\/media?parent=15971"}],"wp:term":[{"taxonomy":"category","embeddable":true,"href":"https:\/\/www.granadablogs.com\/juezcalatayud\/wp-json\/wp\/v2\/categories?post=15971"},{"taxonomy":"post_tag","embeddable":true,"href":"https:\/\/www.granadablogs.com\/juezcalatayud\/wp-json\/wp\/v2\/tags?post=15971"}],"curies":[{"name":"wp","href":"https:\/\/api.w.org\/{rel}","templated":true}]}}