{"id":15897,"date":"2022-01-25T21:18:38","date_gmt":"2022-01-25T19:18:38","guid":{"rendered":"https:\/\/www.granadablogs.com\/juezcalatayud\/?p=15897"},"modified":"2022-01-25T21:18:38","modified_gmt":"2022-01-25T19:18:38","slug":"mis-amigos-gitanos-me-han-regalado-un-sombrero-y-me-siento-mas-tio-emilio-que-nunca","status":"publish","type":"post","link":"https:\/\/www.granadablogs.com\/juezcalatayud\/2022\/01\/mis-amigos-gitanos-me-han-regalado-un-sombrero-y-me-siento-mas-tio-emilio-que-nunca\/","title":{"rendered":"Mis amigos gitanos me han regalado un sombrero y me siento m\u00e1s &#8216;t\u00edo Emilio&#8217; que nunca"},"content":{"rendered":"<figure id=\"attachment_15901\" aria-describedby=\"caption-attachment-15901\" style=\"width: 644px\" class=\"wp-caption alignnone\"><a href=\"https:\/\/www.granadablogs.com\/juezcalatayud\/wp-content\/uploads\/2022\/01\/Gitano.jpeg\"><img loading=\"lazy\" decoding=\"async\" class=\"wp-image-15901 size-large\" src=\"https:\/\/www.granadablogs.com\/juezcalatayud\/wp-content\/uploads\/2022\/01\/Gitano-644x482.jpeg\" alt=\"\" width=\"644\" height=\"482\" srcset=\"https:\/\/www.granadablogs.com\/juezcalatayud\/wp-content\/uploads\/2022\/01\/Gitano-644x482.jpeg 644w, https:\/\/www.granadablogs.com\/juezcalatayud\/wp-content\/uploads\/2022\/01\/Gitano-300x224.jpeg 300w, https:\/\/www.granadablogs.com\/juezcalatayud\/wp-content\/uploads\/2022\/01\/Gitano-768x575.jpeg 768w, https:\/\/www.granadablogs.com\/juezcalatayud\/wp-content\/uploads\/2022\/01\/Gitano-1536x1149.jpeg 1536w, https:\/\/www.granadablogs.com\/juezcalatayud\/wp-content\/uploads\/2022\/01\/Gitano.jpeg 2048w\" sizes=\"auto, (max-width: 644px) 100vw, 644px\" \/><\/a><figcaption id=\"caption-attachment-15901\" class=\"wp-caption-text\">El &#8216;t\u00edo Emilio&#8217;, con su sombrero cal\u00e9.<\/figcaption><\/figure>\n<p>Buenas, soy Emilio Calatayud. Mis amigos gitanos han tenido el detalle de venir a visitarme al juzgado para regalarme un sombrero y me siento m\u00e1s &#8216;t\u00edo Emilio&#8217; que nunca. Pienso pasear por mi barrio, el Albaic\u00edn de Gran\u00e1, con el sombrero y un bast\u00f3n.<\/p>\n<p>En 2020,\u00a0 la Hermandad Gitana de Andaluc\u00eda y la Asociaci\u00f3n por los Derechos del Pueblo Gitano me concedi\u00f3 el honor de nombrarme &#8216;Gitano andaluz del a\u00f1o&#8217; y tengo que corresponderles. De bien nacidos es ser agradecidos.<\/p>\n","protected":false},"excerpt":{"rendered":"<p>Buenas, soy Emilio Calatayud. Mis amigos gitanos han tenido el detalle de venir a visitarme al juzgado para regalarme un sombrero y me siento m\u00e1s &#8216;t\u00edo Emilio&#8217; que nunca. Pienso pasear por mi barrio, el Albaic\u00edn de Gran\u00e1, con el sombrero y un bast\u00f3n. En 2020,\u00a0 la Hermandad Gitana de Andaluc\u00eda y la Asociaci\u00f3n por [&hellip;]<\/p>\n","protected":false},"author":1,"featured_media":0,"comment_status":"open","ping_status":"open","sticky":false,"template":"","format":"standard","meta":{"jetpack_post_was_ever_published":false,"_jetpack_newsletter_access":"","_jetpack_dont_email_post_to_subs":false,"_jetpack_newsletter_tier_id":0,"_jetpack_memberships_contains_paywalled_content":false,"_jetpack_memberships_contains_paid_content":false,"footnotes":""},"categories":[1],"tags":[2742,235,3096],"class_list":["post-15897","post","type-post","status-publish","format-standard","hentry","category-blog","tag-gitano","tag-regalo","tag-sombrero"],"jetpack_featured_media_url":"","jetpack_shortlink":"https:\/\/wp.me\/p5fzW5-48p","jetpack-related-posts":[],"jetpack_sharing_enabled":true,"_links":{"self":[{"href":"https:\/\/www.granadablogs.com\/juezcalatayud\/wp-json\/wp\/v2\/posts\/15897","targetHints":{"allow":["GET"]}}],"collection":[{"href":"https:\/\/www.granadablogs.com\/juezcalatayud\/wp-json\/wp\/v2\/posts"}],"about":[{"href":"https:\/\/www.granadablogs.com\/juezcalatayud\/wp-json\/wp\/v2\/types\/post"}],"author":[{"embeddable":true,"href":"https:\/\/www.granadablogs.com\/juezcalatayud\/wp-json\/wp\/v2\/users\/1"}],"replies":[{"embeddable":true,"href":"https:\/\/www.granadablogs.com\/juezcalatayud\/wp-json\/wp\/v2\/comments?post=15897"}],"version-history":[{"count":6,"href":"https:\/\/www.granadablogs.com\/juezcalatayud\/wp-json\/wp\/v2\/posts\/15897\/revisions"}],"predecessor-version":[{"id":15904,"href":"https:\/\/www.granadablogs.com\/juezcalatayud\/wp-json\/wp\/v2\/posts\/15897\/revisions\/15904"}],"wp:attachment":[{"href":"https:\/\/www.granadablogs.com\/juezcalatayud\/wp-json\/wp\/v2\/media?parent=15897"}],"wp:term":[{"taxonomy":"category","embeddable":true,"href":"https:\/\/www.granadablogs.com\/juezcalatayud\/wp-json\/wp\/v2\/categories?post=15897"},{"taxonomy":"post_tag","embeddable":true,"href":"https:\/\/www.granadablogs.com\/juezcalatayud\/wp-json\/wp\/v2\/tags?post=15897"}],"curies":[{"name":"wp","href":"https:\/\/api.w.org\/{rel}","templated":true}]}}