{"id":15823,"date":"2022-01-04T20:14:55","date_gmt":"2022-01-04T18:14:55","guid":{"rendered":"https:\/\/www.granadablogs.com\/juezcalatayud\/?p=15823"},"modified":"2022-01-04T20:14:55","modified_gmt":"2022-01-04T18:14:55","slug":"los-reyes-magos-son-tan-magos-que-hasta-dejan-regalos-a-los-hijos-de-los-padres-que-no-creen-en-los-reyes-magos","status":"publish","type":"post","link":"https:\/\/www.granadablogs.com\/juezcalatayud\/2022\/01\/los-reyes-magos-son-tan-magos-que-hasta-dejan-regalos-a-los-hijos-de-los-padres-que-no-creen-en-los-reyes-magos\/","title":{"rendered":"Los Reyes Magos son tan magos que hasta dejan regalos a los hijos de los padres que no creen en los Reyes Magos"},"content":{"rendered":"<figure id=\"attachment_8713\" aria-describedby=\"caption-attachment-8713\" style=\"width: 575px\" class=\"wp-caption alignnone\"><a href=\"https:\/\/www.granadablogs.com\/juezcalatayud\/wp-content\/uploads\/2018\/06\/Notas-emi.jpg\"><img loading=\"lazy\" decoding=\"async\" class=\"wp-image-8713 size-full\" src=\"https:\/\/www.granadablogs.com\/juezcalatayud\/wp-content\/uploads\/2018\/06\/Notas-emi.jpg\" alt=\"\" width=\"575\" height=\"323\" srcset=\"https:\/\/www.granadablogs.com\/juezcalatayud\/wp-content\/uploads\/2018\/06\/Notas-emi.jpg 575w, https:\/\/www.granadablogs.com\/juezcalatayud\/wp-content\/uploads\/2018\/06\/Notas-emi-300x169.jpg 300w\" sizes=\"auto, (max-width: 575px) 100vw, 575px\" \/><\/a><figcaption id=\"caption-attachment-8713\" class=\"wp-caption-text\">xlsemanal.com<\/figcaption><\/figure>\n<p>Buenas, soy Emilio Calatayud. Las fiestas navide\u00f1as son, esencialmente, una celebraci\u00f3n religiosa. Yo al menos lo entiendo as\u00ed porque soy cat\u00f3lico.\u00a0 Desde esa perspectiva y ahora que se acercan los Reyes Magos, me entra una duda: \u00bfQu\u00e9 pasa con los hijos de los padres que son ateos? Quiero pensar que los Reyes Magos son tan magos que hasta dejan regalos a los hijos de los padres que no creen en los Reyes Magos. Eso, a fin de cuentas, es la magia de la Navidad.<\/p>\n","protected":false},"excerpt":{"rendered":"<p>Buenas, soy Emilio Calatayud. Las fiestas navide\u00f1as son, esencialmente, una celebraci\u00f3n religiosa. Yo al menos lo entiendo as\u00ed porque soy cat\u00f3lico.\u00a0 Desde esa perspectiva y ahora que se acercan los Reyes Magos, me entra una duda: \u00bfQu\u00e9 pasa con los hijos de los padres que son ateos? Quiero pensar que los Reyes Magos son tan [&hellip;]<\/p>\n","protected":false},"author":1,"featured_media":0,"comment_status":"open","ping_status":"open","sticky":false,"template":"","format":"standard","meta":{"jetpack_post_was_ever_published":false,"_jetpack_newsletter_access":"","_jetpack_dont_email_post_to_subs":false,"_jetpack_newsletter_tier_id":0,"_jetpack_memberships_contains_paywalled_content":false,"_jetpack_memberships_contains_paid_content":false,"footnotes":""},"categories":[1],"tags":[3080,258],"class_list":["post-15823","post","type-post","status-publish","format-standard","hentry","category-blog","tag-ateos","tag-reyes-magos"],"jetpack_featured_media_url":"","jetpack_shortlink":"https:\/\/wp.me\/p5fzW5-47d","jetpack-related-posts":[],"jetpack_sharing_enabled":true,"_links":{"self":[{"href":"https:\/\/www.granadablogs.com\/juezcalatayud\/wp-json\/wp\/v2\/posts\/15823","targetHints":{"allow":["GET"]}}],"collection":[{"href":"https:\/\/www.granadablogs.com\/juezcalatayud\/wp-json\/wp\/v2\/posts"}],"about":[{"href":"https:\/\/www.granadablogs.com\/juezcalatayud\/wp-json\/wp\/v2\/types\/post"}],"author":[{"embeddable":true,"href":"https:\/\/www.granadablogs.com\/juezcalatayud\/wp-json\/wp\/v2\/users\/1"}],"replies":[{"embeddable":true,"href":"https:\/\/www.granadablogs.com\/juezcalatayud\/wp-json\/wp\/v2\/comments?post=15823"}],"version-history":[{"count":2,"href":"https:\/\/www.granadablogs.com\/juezcalatayud\/wp-json\/wp\/v2\/posts\/15823\/revisions"}],"predecessor-version":[{"id":15825,"href":"https:\/\/www.granadablogs.com\/juezcalatayud\/wp-json\/wp\/v2\/posts\/15823\/revisions\/15825"}],"wp:attachment":[{"href":"https:\/\/www.granadablogs.com\/juezcalatayud\/wp-json\/wp\/v2\/media?parent=15823"}],"wp:term":[{"taxonomy":"category","embeddable":true,"href":"https:\/\/www.granadablogs.com\/juezcalatayud\/wp-json\/wp\/v2\/categories?post=15823"},{"taxonomy":"post_tag","embeddable":true,"href":"https:\/\/www.granadablogs.com\/juezcalatayud\/wp-json\/wp\/v2\/tags?post=15823"}],"curies":[{"name":"wp","href":"https:\/\/api.w.org\/{rel}","templated":true}]}}