{"id":1567,"date":"2011-11-28T22:31:34","date_gmt":"2011-11-28T21:31:34","guid":{"rendered":"http:\/\/www.granadablogs.com\/juezcalatayud\/?p=1567"},"modified":"2011-11-28T22:33:05","modified_gmt":"2011-11-28T21:33:05","slug":"el-maltrato-familiar-consejos-para-un-problema-que-no-para-de-crecer-i","status":"publish","type":"post","link":"https:\/\/www.granadablogs.com\/juezcalatayud\/2011\/11\/el-maltrato-familiar-consejos-para-un-problema-que-no-para-de-crecer-i\/","title":{"rendered":"El maltrato familiar, consejos para un problema que no para de crecer (I)"},"content":{"rendered":"<p>Buenas, soy Emilio Calatayud. El tema del maltrato familiar -los menores que agreden a sus padres- es muy preocupante. Lo dicen las estad\u00edsticas y los n\u00fameros: en 2010, este delito ya representaba el 15% de los casos que llegaban a nuestro juzgado, que es mucho. Pero es que va a m\u00e1s. De 400 sentencias, 60 eran de maltrato familiar. De cada veinte juicios que celebramos, al menos cuatro son de maltrato familiar. Y todas las semanas recibo en el juzgado cinco o seis llamadas de padres y madres que tienen este problema. Adem\u00e1s, buena parte de las consultas que llegan a este blog tienen que ver con este asunto. Y, ya digo, va a m\u00e1s. Voy a intentar dar algunos consejos al respecto&#8230; consejos, no soluciones, porque cada caso es un mundo y nadie tiene varitas m\u00e1gicas. Seg\u00fan mi experiencia, lo primero que habr\u00eda que hacer es intentar buscar una soluci\u00f3n extrajudicial: consultar con los equipos de apoyo en los colegios, tratar de lograr una mediaci\u00f3n, acudir a un psic\u00f3logo&#8230;. Si eso falla, entonces mi consejo es que hay que denunciar. Pero antes de denunciarm hay que tener claro que, por ejemplo, no es delito desobedecer a los padres, fugarse de casa, etc. Es importante tenerlo claro porque, si no es as\u00ed, la denuncia no prosperar\u00e1&#8230; Lo que es delito son las agresiones f\u00edsicas o psicol\u00f3gicas&#8230;.<\/p>\n","protected":false},"excerpt":{"rendered":"<p>Buenas, soy Emilio Calatayud. El tema del maltrato familiar -los menores que agreden a sus padres- es muy preocupante. Lo dicen las estad\u00edsticas y los n\u00fameros: en 2010, este delito ya representaba el 15% de los casos que llegaban a nuestro juzgado, que es mucho. Pero es que va a m\u00e1s. De 400 sentencias, 60 [&hellip;]<\/p>\n","protected":false},"author":2,"featured_media":0,"comment_status":"open","ping_status":"open","sticky":false,"template":"","format":"standard","meta":{"jetpack_post_was_ever_published":false,"_jetpack_newsletter_access":"","_jetpack_dont_email_post_to_subs":false,"_jetpack_newsletter_tier_id":0,"_jetpack_memberships_contains_paywalled_content":false,"_jetpack_memberships_contains_paid_content":false,"footnotes":""},"categories":[1],"tags":[91,268],"class_list":["post-1567","post","type-post","status-publish","format-standard","hentry","category-blog","tag-consejos","tag-maltrato-familiar"],"jetpack_featured_media_url":"","jetpack_shortlink":"https:\/\/wp.me\/p5fzW5-ph","jetpack-related-posts":[],"jetpack_sharing_enabled":true,"_links":{"self":[{"href":"https:\/\/www.granadablogs.com\/juezcalatayud\/wp-json\/wp\/v2\/posts\/1567","targetHints":{"allow":["GET"]}}],"collection":[{"href":"https:\/\/www.granadablogs.com\/juezcalatayud\/wp-json\/wp\/v2\/posts"}],"about":[{"href":"https:\/\/www.granadablogs.com\/juezcalatayud\/wp-json\/wp\/v2\/types\/post"}],"author":[{"embeddable":true,"href":"https:\/\/www.granadablogs.com\/juezcalatayud\/wp-json\/wp\/v2\/users\/2"}],"replies":[{"embeddable":true,"href":"https:\/\/www.granadablogs.com\/juezcalatayud\/wp-json\/wp\/v2\/comments?post=1567"}],"version-history":[{"count":2,"href":"https:\/\/www.granadablogs.com\/juezcalatayud\/wp-json\/wp\/v2\/posts\/1567\/revisions"}],"predecessor-version":[{"id":1569,"href":"https:\/\/www.granadablogs.com\/juezcalatayud\/wp-json\/wp\/v2\/posts\/1567\/revisions\/1569"}],"wp:attachment":[{"href":"https:\/\/www.granadablogs.com\/juezcalatayud\/wp-json\/wp\/v2\/media?parent=1567"}],"wp:term":[{"taxonomy":"category","embeddable":true,"href":"https:\/\/www.granadablogs.com\/juezcalatayud\/wp-json\/wp\/v2\/categories?post=1567"},{"taxonomy":"post_tag","embeddable":true,"href":"https:\/\/www.granadablogs.com\/juezcalatayud\/wp-json\/wp\/v2\/tags?post=1567"}],"curies":[{"name":"wp","href":"https:\/\/api.w.org\/{rel}","templated":true}]}}