{"id":15462,"date":"2021-10-10T19:29:02","date_gmt":"2021-10-10T17:29:02","guid":{"rendered":"https:\/\/www.granadablogs.com\/juezcalatayud\/?p=15462"},"modified":"2021-10-10T19:29:02","modified_gmt":"2021-10-10T17:29:02","slug":"dia-mundial-de-la-salud-mental-he-juzgado-a-ninos-que-creian-levitar-o-apunalaron-a-su-padre-por-culpa-de-la-maria","status":"publish","type":"post","link":"https:\/\/www.granadablogs.com\/juezcalatayud\/2021\/10\/dia-mundial-de-la-salud-mental-he-juzgado-a-ninos-que-creian-levitar-o-apunalaron-a-su-padre-por-culpa-de-la-maria\/","title":{"rendered":"D\u00eda Mundial de la Salud Mental: he juzgado a ni\u00f1os que cre\u00edan levitar o apu\u00f1alaron a su padre por culpa de la &#8216;mar\u00eda&#8217;"},"content":{"rendered":"<p>&nbsp;<\/p>\n<figure id=\"attachment_8960\" aria-describedby=\"caption-attachment-8960\" style=\"width: 624px\" class=\"wp-caption aligncenter\"><img loading=\"lazy\" decoding=\"async\" class=\"wp-image-8960 size-full\" src=\"https:\/\/www.granadablogs.com\/juezcalatayud\/wp-content\/uploads\/2018\/08\/influencer.jpg\" alt=\"\" width=\"624\" height=\"385\" srcset=\"https:\/\/www.granadablogs.com\/juezcalatayud\/wp-content\/uploads\/2018\/08\/influencer.jpg 624w, https:\/\/www.granadablogs.com\/juezcalatayud\/wp-content\/uploads\/2018\/08\/influencer-300x185.jpg 300w\" sizes=\"auto, (max-width: 624px) 100vw, 624px\" \/><figcaption id=\"caption-attachment-8960\" class=\"wp-caption-text\">ideal.es<\/figcaption><\/figure>\n<p>Buenas, soy Emilio Calatayud. Es el D\u00eda Mundial de la Salud Mental, un abrazo para todos los que tienen una enfermedad mental y sus familias. Yo he juzgado a ni\u00f1os que cre\u00edan levitar, que escuchaban voces que les animaban a hacer cosas malas&#8230;\u00a0 y uno que incluso lleg\u00f3 a apu\u00f1alar a su padre porque cre\u00eda que estaba pose\u00eddo por un demonio. Todos ellos ten\u00edan algo en com\u00fan: eran consumidores de &#8216;mar\u00eda&#8217;. El cannabis no es un caramelo inofensivo, pero est\u00e1 por todas partes. Puede ser el detonante de graves enfermedades mentales. Los chicos que nos llegan con esos padecimientos son cada vez m\u00e1s j\u00f3venes. Los m\u00f3dulos de salud mental est\u00e1n llenos. Mucho cuidado.<\/p>\n","protected":false},"excerpt":{"rendered":"<p>&nbsp; Buenas, soy Emilio Calatayud. Es el D\u00eda Mundial de la Salud Mental, un abrazo para todos los que tienen una enfermedad mental y sus familias. Yo he juzgado a ni\u00f1os que cre\u00edan levitar, que escuchaban voces que les animaban a hacer cosas malas&#8230;\u00a0 y uno que incluso lleg\u00f3 a apu\u00f1alar a su padre porque [&hellip;]<\/p>\n","protected":false},"author":2,"featured_media":0,"comment_status":"open","ping_status":"open","sticky":false,"template":"","format":"standard","meta":{"jetpack_post_was_ever_published":false,"_jetpack_newsletter_access":"","_jetpack_dont_email_post_to_subs":false,"_jetpack_newsletter_tier_id":0,"_jetpack_memberships_contains_paywalled_content":false,"_jetpack_memberships_contains_paid_content":false,"footnotes":""},"categories":[1],"tags":[624,681,877,433],"class_list":["post-15462","post","type-post","status-publish","format-standard","hentry","category-blog","tag-dia","tag-mental","tag-mundial","tag-salud"],"jetpack_featured_media_url":"","jetpack_shortlink":"https:\/\/wp.me\/p5fzW5-41o","jetpack-related-posts":[],"jetpack_sharing_enabled":true,"_links":{"self":[{"href":"https:\/\/www.granadablogs.com\/juezcalatayud\/wp-json\/wp\/v2\/posts\/15462","targetHints":{"allow":["GET"]}}],"collection":[{"href":"https:\/\/www.granadablogs.com\/juezcalatayud\/wp-json\/wp\/v2\/posts"}],"about":[{"href":"https:\/\/www.granadablogs.com\/juezcalatayud\/wp-json\/wp\/v2\/types\/post"}],"author":[{"embeddable":true,"href":"https:\/\/www.granadablogs.com\/juezcalatayud\/wp-json\/wp\/v2\/users\/2"}],"replies":[{"embeddable":true,"href":"https:\/\/www.granadablogs.com\/juezcalatayud\/wp-json\/wp\/v2\/comments?post=15462"}],"version-history":[{"count":3,"href":"https:\/\/www.granadablogs.com\/juezcalatayud\/wp-json\/wp\/v2\/posts\/15462\/revisions"}],"predecessor-version":[{"id":15465,"href":"https:\/\/www.granadablogs.com\/juezcalatayud\/wp-json\/wp\/v2\/posts\/15462\/revisions\/15465"}],"wp:attachment":[{"href":"https:\/\/www.granadablogs.com\/juezcalatayud\/wp-json\/wp\/v2\/media?parent=15462"}],"wp:term":[{"taxonomy":"category","embeddable":true,"href":"https:\/\/www.granadablogs.com\/juezcalatayud\/wp-json\/wp\/v2\/categories?post=15462"},{"taxonomy":"post_tag","embeddable":true,"href":"https:\/\/www.granadablogs.com\/juezcalatayud\/wp-json\/wp\/v2\/tags?post=15462"}],"curies":[{"name":"wp","href":"https:\/\/api.w.org\/{rel}","templated":true}]}}