{"id":1539,"date":"2011-11-13T20:49:29","date_gmt":"2011-11-13T19:49:29","guid":{"rendered":"http:\/\/www.granadablogs.com\/juezcalatayud\/?p=1539"},"modified":"2011-11-13T20:50:08","modified_gmt":"2011-11-13T19:50:08","slug":"no-todo-vale-cuando-hay-menores-de-por-medio","status":"publish","type":"post","link":"https:\/\/www.granadablogs.com\/juezcalatayud\/2011\/11\/no-todo-vale-cuando-hay-menores-de-por-medio\/","title":{"rendered":"No todo vale cuando hay menores de por medio"},"content":{"rendered":"<p>Buenas, soy Emilio Calatayud. Sobre el tema del boicot de los anunciantes a una cadena de televisi\u00f3n, lo \u00fanico que digo es que hay que hacer un llamamiento a la \u00e9tica profesional de las personas que trabajan en los medios de comunicaci\u00f3n, sobre todo, cuando tratan temas de menores. No todo vale cuando hay menores de por medio. Un saludo.<\/p>\n","protected":false},"excerpt":{"rendered":"<p>Buenas, soy Emilio Calatayud. Sobre el tema del boicot de los anunciantes a una cadena de televisi\u00f3n, lo \u00fanico que digo es que hay que hacer un llamamiento a la \u00e9tica profesional de las personas que trabajan en los medios de comunicaci\u00f3n, sobre todo, cuando tratan temas de menores. No todo vale cuando hay menores [&hellip;]<\/p>\n","protected":false},"author":2,"featured_media":0,"comment_status":"open","ping_status":"open","sticky":false,"template":"","format":"standard","meta":{"jetpack_post_was_ever_published":false,"_jetpack_newsletter_access":"","_jetpack_dont_email_post_to_subs":false,"_jetpack_newsletter_tier_id":0,"_jetpack_memberships_contains_paywalled_content":false,"_jetpack_memberships_contains_paid_content":false,"footnotes":""},"categories":[1],"tags":[254,255],"class_list":["post-1539","post","type-post","status-publish","format-standard","hentry","category-blog","tag-etica","tag-medios-de-comunicacion"],"jetpack_featured_media_url":"","jetpack_shortlink":"https:\/\/wp.me\/p5fzW5-oP","jetpack-related-posts":[],"jetpack_sharing_enabled":true,"_links":{"self":[{"href":"https:\/\/www.granadablogs.com\/juezcalatayud\/wp-json\/wp\/v2\/posts\/1539","targetHints":{"allow":["GET"]}}],"collection":[{"href":"https:\/\/www.granadablogs.com\/juezcalatayud\/wp-json\/wp\/v2\/posts"}],"about":[{"href":"https:\/\/www.granadablogs.com\/juezcalatayud\/wp-json\/wp\/v2\/types\/post"}],"author":[{"embeddable":true,"href":"https:\/\/www.granadablogs.com\/juezcalatayud\/wp-json\/wp\/v2\/users\/2"}],"replies":[{"embeddable":true,"href":"https:\/\/www.granadablogs.com\/juezcalatayud\/wp-json\/wp\/v2\/comments?post=1539"}],"version-history":[{"count":3,"href":"https:\/\/www.granadablogs.com\/juezcalatayud\/wp-json\/wp\/v2\/posts\/1539\/revisions"}],"predecessor-version":[{"id":1542,"href":"https:\/\/www.granadablogs.com\/juezcalatayud\/wp-json\/wp\/v2\/posts\/1539\/revisions\/1542"}],"wp:attachment":[{"href":"https:\/\/www.granadablogs.com\/juezcalatayud\/wp-json\/wp\/v2\/media?parent=1539"}],"wp:term":[{"taxonomy":"category","embeddable":true,"href":"https:\/\/www.granadablogs.com\/juezcalatayud\/wp-json\/wp\/v2\/categories?post=1539"},{"taxonomy":"post_tag","embeddable":true,"href":"https:\/\/www.granadablogs.com\/juezcalatayud\/wp-json\/wp\/v2\/tags?post=1539"}],"curies":[{"name":"wp","href":"https:\/\/api.w.org\/{rel}","templated":true}]}}