{"id":1533,"date":"2011-11-09T17:25:45","date_gmt":"2011-11-09T16:25:45","guid":{"rendered":"http:\/\/www.granadablogs.com\/juezcalatayud\/?p=1533"},"modified":"2011-11-09T18:28:25","modified_gmt":"2011-11-09T17:28:25","slug":"un-debate-demasiado-encorsetado-y-en-el-que-no-se-hablo-ni-una-palabra-sobre-menores","status":"publish","type":"post","link":"https:\/\/www.granadablogs.com\/juezcalatayud\/2011\/11\/un-debate-demasiado-encorsetado-y-en-el-que-no-se-hablo-ni-una-palabra-sobre-menores\/","title":{"rendered":"Un debate demasiado encorsetado y en el que no se habl\u00f3 ni una palabra sobre menores"},"content":{"rendered":"<p>Buenas, soy Emilio Calatayud. El debate del pasado lunes entre Rajoy y Rubalcaba me pareci\u00f3 demasiado enconsertado. Yo creo que deber\u00edan haberlo hecho con p\u00fablico y que \u00e9ste pudiera preguntar.\u00a0Ech\u00e9 de\u00a0menos que no sacaran el tema de la corrupci\u00f3n y que hablasen solo un poco de terrorismo. Llevamos a\u00f1os oyendo acusaciones cruzadas de corrupci\u00f3n y tal, y llega el debate y no se habla de eso, supongo que porque se pact\u00f3 as\u00ed. Tampoco se dijo ni una palabra sobre menores, pero eso ya me lo esperaba. Como no votan, nadie los menciona. No se dijo nada del grave problema del consumo de alcohol entre los menores, o de maltrato familiar, que va a m\u00e1s, \u00a0o de la necesidad de llegar a un pacto por el menor para que no se vuelvan locos con las normas contradictorias que les afectan&#8230; Se perdi\u00f3 una buena oportunidad de abordar todos esos temas, pero, ya digo, era lo esperado.<\/p>\n<p>Por lo dem\u00e1s, Rajoy y Rubalcaba me parecieron dos personas educadas y creo que,\u00a0m\u00e1s all\u00e1 de las diferencias, ser\u00e1n capaces de entenderse, que falta nos hace.<\/p>\n","protected":false},"excerpt":{"rendered":"<p>Buenas, soy Emilio Calatayud. El debate del pasado lunes entre Rajoy y Rubalcaba me pareci\u00f3 demasiado enconsertado. Yo creo que deber\u00edan haberlo hecho con p\u00fablico y que \u00e9ste pudiera preguntar.\u00a0Ech\u00e9 de\u00a0menos que no sacaran el tema de la corrupci\u00f3n y que hablasen solo un poco de terrorismo. Llevamos a\u00f1os oyendo acusaciones cruzadas de corrupci\u00f3n y [&hellip;]<\/p>\n","protected":false},"author":2,"featured_media":0,"comment_status":"open","ping_status":"open","sticky":false,"template":"","format":"standard","meta":{"jetpack_post_was_ever_published":false,"_jetpack_newsletter_access":"","_jetpack_dont_email_post_to_subs":false,"_jetpack_newsletter_tier_id":0,"_jetpack_memberships_contains_paywalled_content":false,"_jetpack_memberships_contains_paid_content":false,"footnotes":""},"categories":[1],"tags":[250,251,252],"class_list":["post-1533","post","type-post","status-publish","format-standard","hentry","category-blog","tag-debate","tag-rajoy","tag-rubalcaba"],"jetpack_featured_media_url":"","jetpack_shortlink":"https:\/\/wp.me\/p5fzW5-oJ","jetpack-related-posts":[],"jetpack_sharing_enabled":true,"_links":{"self":[{"href":"https:\/\/www.granadablogs.com\/juezcalatayud\/wp-json\/wp\/v2\/posts\/1533","targetHints":{"allow":["GET"]}}],"collection":[{"href":"https:\/\/www.granadablogs.com\/juezcalatayud\/wp-json\/wp\/v2\/posts"}],"about":[{"href":"https:\/\/www.granadablogs.com\/juezcalatayud\/wp-json\/wp\/v2\/types\/post"}],"author":[{"embeddable":true,"href":"https:\/\/www.granadablogs.com\/juezcalatayud\/wp-json\/wp\/v2\/users\/2"}],"replies":[{"embeddable":true,"href":"https:\/\/www.granadablogs.com\/juezcalatayud\/wp-json\/wp\/v2\/comments?post=1533"}],"version-history":[{"count":3,"href":"https:\/\/www.granadablogs.com\/juezcalatayud\/wp-json\/wp\/v2\/posts\/1533\/revisions"}],"predecessor-version":[{"id":1536,"href":"https:\/\/www.granadablogs.com\/juezcalatayud\/wp-json\/wp\/v2\/posts\/1533\/revisions\/1536"}],"wp:attachment":[{"href":"https:\/\/www.granadablogs.com\/juezcalatayud\/wp-json\/wp\/v2\/media?parent=1533"}],"wp:term":[{"taxonomy":"category","embeddable":true,"href":"https:\/\/www.granadablogs.com\/juezcalatayud\/wp-json\/wp\/v2\/categories?post=1533"},{"taxonomy":"post_tag","embeddable":true,"href":"https:\/\/www.granadablogs.com\/juezcalatayud\/wp-json\/wp\/v2\/tags?post=1533"}],"curies":[{"name":"wp","href":"https:\/\/api.w.org\/{rel}","templated":true}]}}