{"id":151,"date":"2009-03-17T20:32:22","date_gmt":"2009-03-17T19:32:22","guid":{"rendered":"http:\/\/www.granadablogs.com\/juezcalatayud\/2009\/03\/crisis-y-mas-delincuencia-parece-que-no-es-casualidad\/"},"modified":"2009-03-17T20:32:22","modified_gmt":"2009-03-17T19:32:22","slug":"crisis-y-mas-delincuencia-parece-que-no-es-casualidad","status":"publish","type":"post","link":"https:\/\/www.granadablogs.com\/juezcalatayud\/2009\/03\/crisis-y-mas-delincuencia-parece-que-no-es-casualidad\/","title":{"rendered":"Crisis y m\u00e1s delincuencia, parece que no es casualidad"},"content":{"rendered":"<p>Buenas. el otro d\u00eda escribi\u00f3 Carlos un comentario en el que contaba que los juzgados de Menores de Granada, hay dos, est\u00e1n recibiendo este a\u00f1o casi el doble de casos que el a\u00f1o pasado. Y as\u00ed es. Pero Carlos no se atrevi\u00f3 a relacionar ese aumento con el hecho de que estemos en crisis. Fue prudente, pero el caso es que ayer, el magistrado Carlos D\u00edvar, presidente del Consejo General del Poder Judicial s\u00ed relacion\u00f3 los dos hechos. Parece claro que no es una casualidad.<br \/>\nLa noticia dec\u00eda as\u00ed: La crisis podr\u00eda tener como efecto de un \u00abnada descartable\u00bb aumento de la tasa de criminalidad. As\u00ed lo ha considerado el presidente del Consejo General del Poder Judicial (CGPJ), Carlos D\u00edvar, durante su primera comparecencia en el Parlamento desde su nombramiento el pasado mes de septiembre. <\/p>\n<p>La situaci\u00f3n m\u00e1s alarmante presentada por D\u00edvar ha sido la relativa a la repercusi\u00f3n que la crisis econ\u00f3mica puede tener en la carga de trabajo que soportan los tribunales, e incluso ha alertado de la posibilidad de un previsible incremento de la tasa de criminalidad como un \u00abefecto nada descartable\u00bb, aumentando as\u00ed el volumen de asuntos en la jurisdicci\u00f3n penal.<\/p>\n","protected":false},"excerpt":{"rendered":"<p>Buenas. el otro d\u00eda escribi\u00f3 Carlos un comentario en el que contaba que los juzgados de Menores de Granada, hay dos, est\u00e1n recibiendo este a\u00f1o casi el doble de casos que el a\u00f1o pasado. Y as\u00ed es. Pero Carlos no se atrevi\u00f3 a relacionar ese aumento con el hecho de que estemos en crisis. Fue [&hellip;]<\/p>\n","protected":false},"author":2,"featured_media":0,"comment_status":"open","ping_status":"open","sticky":false,"template":"","format":"standard","meta":{"jetpack_post_was_ever_published":false,"_jetpack_newsletter_access":"","_jetpack_dont_email_post_to_subs":false,"_jetpack_newsletter_tier_id":0,"_jetpack_memberships_contains_paywalled_content":false,"_jetpack_memberships_contains_paid_content":false,"footnotes":""},"categories":[1],"tags":[13,16,17],"class_list":["post-151","post","type-post","status-publish","format-standard","hentry","category-blog","tag-crisis","tag-delincuencia","tag-poder-judicial"],"jetpack_featured_media_url":"","jetpack_shortlink":"https:\/\/wp.me\/p5fzW5-2r","jetpack-related-posts":[],"jetpack_sharing_enabled":true,"_links":{"self":[{"href":"https:\/\/www.granadablogs.com\/juezcalatayud\/wp-json\/wp\/v2\/posts\/151","targetHints":{"allow":["GET"]}}],"collection":[{"href":"https:\/\/www.granadablogs.com\/juezcalatayud\/wp-json\/wp\/v2\/posts"}],"about":[{"href":"https:\/\/www.granadablogs.com\/juezcalatayud\/wp-json\/wp\/v2\/types\/post"}],"author":[{"embeddable":true,"href":"https:\/\/www.granadablogs.com\/juezcalatayud\/wp-json\/wp\/v2\/users\/2"}],"replies":[{"embeddable":true,"href":"https:\/\/www.granadablogs.com\/juezcalatayud\/wp-json\/wp\/v2\/comments?post=151"}],"version-history":[{"count":0,"href":"https:\/\/www.granadablogs.com\/juezcalatayud\/wp-json\/wp\/v2\/posts\/151\/revisions"}],"wp:attachment":[{"href":"https:\/\/www.granadablogs.com\/juezcalatayud\/wp-json\/wp\/v2\/media?parent=151"}],"wp:term":[{"taxonomy":"category","embeddable":true,"href":"https:\/\/www.granadablogs.com\/juezcalatayud\/wp-json\/wp\/v2\/categories?post=151"},{"taxonomy":"post_tag","embeddable":true,"href":"https:\/\/www.granadablogs.com\/juezcalatayud\/wp-json\/wp\/v2\/tags?post=151"}],"curies":[{"name":"wp","href":"https:\/\/api.w.org\/{rel}","templated":true}]}}