{"id":15058,"date":"2021-07-14T20:35:10","date_gmt":"2021-07-14T18:35:10","guid":{"rendered":"https:\/\/www.granadablogs.com\/juezcalatayud\/?p=15058"},"modified":"2021-07-14T20:40:51","modified_gmt":"2021-07-14T18:40:51","slug":"admito-que-cada-vez-se-menos-de-leyes-y-ademas-creo-que-ya-estoy-en-fase-de-olvidar","status":"publish","type":"post","link":"https:\/\/www.granadablogs.com\/juezcalatayud\/2021\/07\/admito-que-cada-vez-se-menos-de-leyes-y-ademas-creo-que-ya-estoy-en-fase-de-olvidar\/","title":{"rendered":"Admito que cada vez s\u00e9 menos de leyes y, adem\u00e1s, creo que ya estoy en fase de olvidar"},"content":{"rendered":"<p>&nbsp;<\/p>\n<figure id=\"attachment_11838\" aria-describedby=\"caption-attachment-11838\" style=\"width: 644px\" class=\"wp-caption aligncenter\"><img loading=\"lazy\" decoding=\"async\" class=\"wp-image-11838 size-large\" src=\"https:\/\/www.granadablogs.com\/juezcalatayud\/wp-content\/uploads\/2019\/12\/Nuevo-emi-644x429.jpg\" alt=\"\" width=\"644\" height=\"429\" srcset=\"https:\/\/www.granadablogs.com\/juezcalatayud\/wp-content\/uploads\/2019\/12\/Nuevo-emi-644x429.jpg 644w, https:\/\/www.granadablogs.com\/juezcalatayud\/wp-content\/uploads\/2019\/12\/Nuevo-emi-300x200.jpg 300w, https:\/\/www.granadablogs.com\/juezcalatayud\/wp-content\/uploads\/2019\/12\/Nuevo-emi-768x512.jpg 768w\" sizes=\"auto, (max-width: 644px) 100vw, 644px\" \/><figcaption id=\"caption-attachment-11838\" class=\"wp-caption-text\">Foto: Alfredo Aguilar<\/figcaption><\/figure>\n<p>Buenas, soy Emilio Calatayud. Quiz\u00e1 sea por el tratamiento para el c\u00e1ncer, por la edad o por ambas cosas a la vez, pero admito con total humildad que cada vez s\u00e9 menos de leyes. Y, adem\u00e1s, creo que ya estoy en fase de olvidar&#8230; \u00a1Qu\u00e9 lastimica!, como decimos en Gran\u00e1.<\/p>\n<p>Y cada cual que entienda lo que quiera.<\/p>\n","protected":false},"excerpt":{"rendered":"<p>&nbsp; Buenas, soy Emilio Calatayud. Quiz\u00e1 sea por el tratamiento para el c\u00e1ncer, por la edad o por ambas cosas a la vez, pero admito con total humildad que cada vez s\u00e9 menos de leyes. Y, adem\u00e1s, creo que ya estoy en fase de olvidar&#8230; \u00a1Qu\u00e9 lastimica!, como decimos en Gran\u00e1. Y cada cual que [&hellip;]<\/p>\n","protected":false},"author":2,"featured_media":0,"comment_status":"open","ping_status":"open","sticky":false,"template":"","format":"standard","meta":{"jetpack_post_was_ever_published":false,"_jetpack_newsletter_access":"","_jetpack_dont_email_post_to_subs":false,"_jetpack_newsletter_tier_id":0,"_jetpack_memberships_contains_paywalled_content":false,"_jetpack_memberships_contains_paid_content":false,"footnotes":""},"categories":[1],"tags":[1852,2961],"class_list":["post-15058","post","type-post","status-publish","format-standard","hentry","category-blog","tag-leyes","tag-olvido"],"jetpack_featured_media_url":"","jetpack_shortlink":"https:\/\/wp.me\/p5fzW5-3US","jetpack-related-posts":[],"jetpack_sharing_enabled":true,"_links":{"self":[{"href":"https:\/\/www.granadablogs.com\/juezcalatayud\/wp-json\/wp\/v2\/posts\/15058","targetHints":{"allow":["GET"]}}],"collection":[{"href":"https:\/\/www.granadablogs.com\/juezcalatayud\/wp-json\/wp\/v2\/posts"}],"about":[{"href":"https:\/\/www.granadablogs.com\/juezcalatayud\/wp-json\/wp\/v2\/types\/post"}],"author":[{"embeddable":true,"href":"https:\/\/www.granadablogs.com\/juezcalatayud\/wp-json\/wp\/v2\/users\/2"}],"replies":[{"embeddable":true,"href":"https:\/\/www.granadablogs.com\/juezcalatayud\/wp-json\/wp\/v2\/comments?post=15058"}],"version-history":[{"count":2,"href":"https:\/\/www.granadablogs.com\/juezcalatayud\/wp-json\/wp\/v2\/posts\/15058\/revisions"}],"predecessor-version":[{"id":15060,"href":"https:\/\/www.granadablogs.com\/juezcalatayud\/wp-json\/wp\/v2\/posts\/15058\/revisions\/15060"}],"wp:attachment":[{"href":"https:\/\/www.granadablogs.com\/juezcalatayud\/wp-json\/wp\/v2\/media?parent=15058"}],"wp:term":[{"taxonomy":"category","embeddable":true,"href":"https:\/\/www.granadablogs.com\/juezcalatayud\/wp-json\/wp\/v2\/categories?post=15058"},{"taxonomy":"post_tag","embeddable":true,"href":"https:\/\/www.granadablogs.com\/juezcalatayud\/wp-json\/wp\/v2\/tags?post=15058"}],"curies":[{"name":"wp","href":"https:\/\/api.w.org\/{rel}","templated":true}]}}