{"id":14965,"date":"2021-06-26T15:57:50","date_gmt":"2021-06-26T13:57:50","guid":{"rendered":"https:\/\/www.granadablogs.com\/juezcalatayud\/?p=14965"},"modified":"2021-06-26T15:57:50","modified_gmt":"2021-06-26T13:57:50","slug":"sigo-con-la-mascarilla-visteme-despacio-que-tengo-prisa","status":"publish","type":"post","link":"https:\/\/www.granadablogs.com\/juezcalatayud\/2021\/06\/sigo-con-la-mascarilla-visteme-despacio-que-tengo-prisa\/","title":{"rendered":"Sigo con la mascarilla, v\u00edsteme despacio que tengo prisa"},"content":{"rendered":"<p>&nbsp;<\/p>\n<figure id=\"attachment_12688\" aria-describedby=\"caption-attachment-12688\" style=\"width: 644px\" class=\"wp-caption aligncenter\"><img loading=\"lazy\" decoding=\"async\" class=\"wp-image-12688 size-large\" src=\"https:\/\/www.granadablogs.com\/juezcalatayud\/wp-content\/uploads\/2020\/05\/EMILIO-644x429.jpg\" alt=\"\" width=\"644\" height=\"429\" srcset=\"https:\/\/www.granadablogs.com\/juezcalatayud\/wp-content\/uploads\/2020\/05\/EMILIO-644x429.jpg 644w, https:\/\/www.granadablogs.com\/juezcalatayud\/wp-content\/uploads\/2020\/05\/EMILIO-300x200.jpg 300w, https:\/\/www.granadablogs.com\/juezcalatayud\/wp-content\/uploads\/2020\/05\/EMILIO-768x512.jpg 768w, https:\/\/www.granadablogs.com\/juezcalatayud\/wp-content\/uploads\/2020\/05\/EMILIO.jpg 800w\" sizes=\"auto, (max-width: 644px) 100vw, 644px\" \/><figcaption id=\"caption-attachment-12688\" class=\"wp-caption-text\">FOTO: PEPE MARIN<\/figcaption><\/figure>\n<p>Buenas, soy Emilio Calatayud. Un saludo para los desenmascarados y tambi\u00e9n para los que, como yo, hemos decidido seguir enmascarados en la calle. Mis razones: la prudencia, porque no me f\u00edo del &#8216;bicho&#8217; (es que uno se acostumbra a &#8216;to&#8217; y luego cuesta&#8230; y mira que hace &#8216;cal\u00f3&#8217;&#8230; ) ; un poco por llevar la contraria y otro poco porque me da la gana.<\/p>\n<p>Resumiendo, que v\u00edsteme despacio que tengo prisa.<\/p>\n<p>&nbsp;<\/p>\n","protected":false},"excerpt":{"rendered":"<p>&nbsp; Buenas, soy Emilio Calatayud. Un saludo para los desenmascarados y tambi\u00e9n para los que, como yo, hemos decidido seguir enmascarados en la calle. Mis razones: la prudencia, porque no me f\u00edo del &#8216;bicho&#8217; (es que uno se acostumbra a &#8216;to&#8217; y luego cuesta&#8230; y mira que hace &#8216;cal\u00f3&#8217;&#8230; ) ; un poco por llevar [&hellip;]<\/p>\n","protected":false},"author":2,"featured_media":0,"comment_status":"open","ping_status":"open","sticky":false,"template":"","format":"standard","meta":{"jetpack_post_was_ever_published":false,"_jetpack_newsletter_access":"","_jetpack_dont_email_post_to_subs":false,"_jetpack_newsletter_tier_id":0,"_jetpack_memberships_contains_paywalled_content":false,"_jetpack_memberships_contains_paid_content":false,"footnotes":""},"categories":[1],"tags":[1698,2684,2940],"class_list":["post-14965","post","type-post","status-publish","format-standard","hentry","category-blog","tag-con","tag-mascarilla","tag-sigo"],"jetpack_featured_media_url":"","jetpack_shortlink":"https:\/\/wp.me\/p5fzW5-3Tn","jetpack-related-posts":[],"jetpack_sharing_enabled":true,"_links":{"self":[{"href":"https:\/\/www.granadablogs.com\/juezcalatayud\/wp-json\/wp\/v2\/posts\/14965","targetHints":{"allow":["GET"]}}],"collection":[{"href":"https:\/\/www.granadablogs.com\/juezcalatayud\/wp-json\/wp\/v2\/posts"}],"about":[{"href":"https:\/\/www.granadablogs.com\/juezcalatayud\/wp-json\/wp\/v2\/types\/post"}],"author":[{"embeddable":true,"href":"https:\/\/www.granadablogs.com\/juezcalatayud\/wp-json\/wp\/v2\/users\/2"}],"replies":[{"embeddable":true,"href":"https:\/\/www.granadablogs.com\/juezcalatayud\/wp-json\/wp\/v2\/comments?post=14965"}],"version-history":[{"count":4,"href":"https:\/\/www.granadablogs.com\/juezcalatayud\/wp-json\/wp\/v2\/posts\/14965\/revisions"}],"predecessor-version":[{"id":14969,"href":"https:\/\/www.granadablogs.com\/juezcalatayud\/wp-json\/wp\/v2\/posts\/14965\/revisions\/14969"}],"wp:attachment":[{"href":"https:\/\/www.granadablogs.com\/juezcalatayud\/wp-json\/wp\/v2\/media?parent=14965"}],"wp:term":[{"taxonomy":"category","embeddable":true,"href":"https:\/\/www.granadablogs.com\/juezcalatayud\/wp-json\/wp\/v2\/categories?post=14965"},{"taxonomy":"post_tag","embeddable":true,"href":"https:\/\/www.granadablogs.com\/juezcalatayud\/wp-json\/wp\/v2\/tags?post=14965"}],"curies":[{"name":"wp","href":"https:\/\/api.w.org\/{rel}","templated":true}]}}