{"id":14629,"date":"2021-04-27T19:31:53","date_gmt":"2021-04-27T17:31:53","guid":{"rendered":"https:\/\/www.granadablogs.com\/juezcalatayud\/?p=14629"},"modified":"2021-04-27T19:31:53","modified_gmt":"2021-04-27T17:31:53","slug":"si-todos-hicieramos-solo-una-cosa-al-dia-con-sentido-comun-el-mundo-iria-mejor-yo-voy-a-intentarlo","status":"publish","type":"post","link":"https:\/\/www.granadablogs.com\/juezcalatayud\/2021\/04\/si-todos-hicieramos-solo-una-cosa-al-dia-con-sentido-comun-el-mundo-iria-mejor-yo-voy-a-intentarlo\/","title":{"rendered":"Si todos hici\u00e9ramos solo una cosa al d\u00eda con sentido com\u00fan, el mundo ir\u00eda mejor: yo voy a intentarlo"},"content":{"rendered":"<p>&nbsp;<\/p>\n<figure id=\"attachment_13210\" aria-describedby=\"caption-attachment-13210\" style=\"width: 644px\" class=\"wp-caption aligncenter\"><img loading=\"lazy\" decoding=\"async\" class=\"wp-image-13210 size-large\" src=\"https:\/\/www.granadablogs.com\/juezcalatayud\/wp-content\/uploads\/2020\/07\/Emil-nueva-1-644x429.jpg\" alt=\"\" width=\"644\" height=\"429\" srcset=\"https:\/\/www.granadablogs.com\/juezcalatayud\/wp-content\/uploads\/2020\/07\/Emil-nueva-1-644x429.jpg 644w, https:\/\/www.granadablogs.com\/juezcalatayud\/wp-content\/uploads\/2020\/07\/Emil-nueva-1-300x200.jpg 300w, https:\/\/www.granadablogs.com\/juezcalatayud\/wp-content\/uploads\/2020\/07\/Emil-nueva-1-768x512.jpg 768w\" sizes=\"auto, (max-width: 644px) 100vw, 644px\" \/><figcaption id=\"caption-attachment-13210\" class=\"wp-caption-text\">FOTO: PEPE MAR\u00cdN<\/figcaption><\/figure>\n<p>Buenas, soy Emilio Calatayud. Nos hace falta mucho sentido com\u00fan. Antes era una necesidad, pero en estos tiempos tan raros es ya una obligaci\u00f3n. \u00cdbamos a salir mejores de la pandemia, pues no s\u00e9 yo, la verdad&#8230; Si todos hici\u00e9ramos solo una cosa al d\u00eda con sentido com\u00fan, el mundo ir\u00eda mejor. Yo voy a intentarlo. Creo que es otra manera de conseguir mi objetivo de estar tranquilo conmigo mismo en los pr\u00f3ximos a\u00f1os.<\/p>\n","protected":false},"excerpt":{"rendered":"<p>&nbsp; Buenas, soy Emilio Calatayud. Nos hace falta mucho sentido com\u00fan. Antes era una necesidad, pero en estos tiempos tan raros es ya una obligaci\u00f3n. \u00cdbamos a salir mejores de la pandemia, pues no s\u00e9 yo, la verdad&#8230; Si todos hici\u00e9ramos solo una cosa al d\u00eda con sentido com\u00fan, el mundo ir\u00eda mejor. Yo voy [&hellip;]<\/p>\n","protected":false},"author":2,"featured_media":0,"comment_status":"open","ping_status":"open","sticky":false,"template":"","format":"standard","meta":{"jetpack_post_was_ever_published":false,"_jetpack_newsletter_access":"","_jetpack_dont_email_post_to_subs":false,"_jetpack_newsletter_tier_id":0,"_jetpack_memberships_contains_paywalled_content":false,"_jetpack_memberships_contains_paid_content":false,"footnotes":""},"categories":[1],"tags":[2890,2889],"class_list":["post-14629","post","type-post","status-publish","format-standard","hentry","category-blog","tag-comun","tag-sentido"],"jetpack_featured_media_url":"","jetpack_shortlink":"https:\/\/wp.me\/p5fzW5-3NX","jetpack-related-posts":[],"jetpack_sharing_enabled":true,"_links":{"self":[{"href":"https:\/\/www.granadablogs.com\/juezcalatayud\/wp-json\/wp\/v2\/posts\/14629","targetHints":{"allow":["GET"]}}],"collection":[{"href":"https:\/\/www.granadablogs.com\/juezcalatayud\/wp-json\/wp\/v2\/posts"}],"about":[{"href":"https:\/\/www.granadablogs.com\/juezcalatayud\/wp-json\/wp\/v2\/types\/post"}],"author":[{"embeddable":true,"href":"https:\/\/www.granadablogs.com\/juezcalatayud\/wp-json\/wp\/v2\/users\/2"}],"replies":[{"embeddable":true,"href":"https:\/\/www.granadablogs.com\/juezcalatayud\/wp-json\/wp\/v2\/comments?post=14629"}],"version-history":[{"count":3,"href":"https:\/\/www.granadablogs.com\/juezcalatayud\/wp-json\/wp\/v2\/posts\/14629\/revisions"}],"predecessor-version":[{"id":14632,"href":"https:\/\/www.granadablogs.com\/juezcalatayud\/wp-json\/wp\/v2\/posts\/14629\/revisions\/14632"}],"wp:attachment":[{"href":"https:\/\/www.granadablogs.com\/juezcalatayud\/wp-json\/wp\/v2\/media?parent=14629"}],"wp:term":[{"taxonomy":"category","embeddable":true,"href":"https:\/\/www.granadablogs.com\/juezcalatayud\/wp-json\/wp\/v2\/categories?post=14629"},{"taxonomy":"post_tag","embeddable":true,"href":"https:\/\/www.granadablogs.com\/juezcalatayud\/wp-json\/wp\/v2\/tags?post=14629"}],"curies":[{"name":"wp","href":"https:\/\/api.w.org\/{rel}","templated":true}]}}