{"id":1462,"date":"2011-09-08T16:06:57","date_gmt":"2011-09-08T15:06:57","guid":{"rendered":"http:\/\/www.granadablogs.com\/juezcalatayud\/?p=1462"},"modified":"2011-09-08T16:09:57","modified_gmt":"2011-09-08T15:09:57","slug":"twitter-y-la-anorexia","status":"publish","type":"post","link":"https:\/\/www.granadablogs.com\/juezcalatayud\/2011\/09\/twitter-y-la-anorexia\/","title":{"rendered":"Twitter y la anorexia"},"content":{"rendered":"<p>La red de comunicaci\u00f3n Twitter ha rechazado retirar mensajes que incitan a la anorexia. Dicen que eso ser\u00eda cercenar la libertad de expresi\u00f3n. Las asociaciones de afectados por la anorexia, en cambio, recuerdan que la libertad de expresi\u00f3n tiene l\u00edmites. Por ejemplo, los derechos de los menores. Es un debate eterno. \u00bfQu\u00e9 deber\u00eda prevalecer en este caso? \u00bfSi un maestro, durante su clase, dijera que la anorexia es buena estar\u00eda ejerciendo su derecho a la libertad de expresi\u00f3n, y de c\u00e1tedra, o lesionando los derechos de sus alumnos? En este \u00faltimo supuesto, \u00bfser\u00eda solo responsable el maestro o tambi\u00e9n se podr\u00eda exigir responsabilidades al colegio?<\/p>\n","protected":false},"excerpt":{"rendered":"<p>La red de comunicaci\u00f3n Twitter ha rechazado retirar mensajes que incitan a la anorexia. Dicen que eso ser\u00eda cercenar la libertad de expresi\u00f3n. Las asociaciones de afectados por la anorexia, en cambio, recuerdan que la libertad de expresi\u00f3n tiene l\u00edmites. Por ejemplo, los derechos de los menores. Es un debate eterno. \u00bfQu\u00e9 deber\u00eda prevalecer en [&hellip;]<\/p>\n","protected":false},"author":3,"featured_media":0,"comment_status":"open","ping_status":"open","sticky":false,"template":"","format":"standard","meta":{"jetpack_post_was_ever_published":false,"_jetpack_newsletter_access":"","_jetpack_dont_email_post_to_subs":false,"_jetpack_newsletter_tier_id":0,"_jetpack_memberships_contains_paywalled_content":false,"_jetpack_memberships_contains_paid_content":false,"footnotes":""},"categories":[1],"tags":[224,134],"class_list":["post-1462","post","type-post","status-publish","format-standard","hentry","category-blog","tag-anorexia","tag-twitter"],"jetpack_featured_media_url":"","jetpack_shortlink":"https:\/\/wp.me\/p5fzW5-nA","jetpack-related-posts":[],"jetpack_sharing_enabled":true,"_links":{"self":[{"href":"https:\/\/www.granadablogs.com\/juezcalatayud\/wp-json\/wp\/v2\/posts\/1462","targetHints":{"allow":["GET"]}}],"collection":[{"href":"https:\/\/www.granadablogs.com\/juezcalatayud\/wp-json\/wp\/v2\/posts"}],"about":[{"href":"https:\/\/www.granadablogs.com\/juezcalatayud\/wp-json\/wp\/v2\/types\/post"}],"author":[{"embeddable":true,"href":"https:\/\/www.granadablogs.com\/juezcalatayud\/wp-json\/wp\/v2\/users\/3"}],"replies":[{"embeddable":true,"href":"https:\/\/www.granadablogs.com\/juezcalatayud\/wp-json\/wp\/v2\/comments?post=1462"}],"version-history":[{"count":2,"href":"https:\/\/www.granadablogs.com\/juezcalatayud\/wp-json\/wp\/v2\/posts\/1462\/revisions"}],"predecessor-version":[{"id":1464,"href":"https:\/\/www.granadablogs.com\/juezcalatayud\/wp-json\/wp\/v2\/posts\/1462\/revisions\/1464"}],"wp:attachment":[{"href":"https:\/\/www.granadablogs.com\/juezcalatayud\/wp-json\/wp\/v2\/media?parent=1462"}],"wp:term":[{"taxonomy":"category","embeddable":true,"href":"https:\/\/www.granadablogs.com\/juezcalatayud\/wp-json\/wp\/v2\/categories?post=1462"},{"taxonomy":"post_tag","embeddable":true,"href":"https:\/\/www.granadablogs.com\/juezcalatayud\/wp-json\/wp\/v2\/tags?post=1462"}],"curies":[{"name":"wp","href":"https:\/\/api.w.org\/{rel}","templated":true}]}}