{"id":14616,"date":"2021-04-23T16:41:08","date_gmt":"2021-04-23T14:41:08","guid":{"rendered":"https:\/\/www.granadablogs.com\/juezcalatayud\/?p=14616"},"modified":"2021-04-23T16:41:08","modified_gmt":"2021-04-23T14:41:08","slug":"en-el-dia-del-libro-don-emilio-os-condena-a-leer-bendita-condena","status":"publish","type":"post","link":"https:\/\/www.granadablogs.com\/juezcalatayud\/2021\/04\/en-el-dia-del-libro-don-emilio-os-condena-a-leer-bendita-condena\/","title":{"rendered":"En el D\u00eda del Libro, don Emilio os condena a leer&#8230;, bendita condena"},"content":{"rendered":"<p>&nbsp;<\/p>\n<p><img loading=\"lazy\" decoding=\"async\" class=\"aligncenter wp-image-8828 size-large\" src=\"https:\/\/www.granadablogs.com\/juezcalatayud\/wp-content\/uploads\/2018\/07\/Libro-644x362.jpg\" alt=\"\" width=\"644\" height=\"362\" srcset=\"https:\/\/www.granadablogs.com\/juezcalatayud\/wp-content\/uploads\/2018\/07\/Libro.jpg 644w, https:\/\/www.granadablogs.com\/juezcalatayud\/wp-content\/uploads\/2018\/07\/Libro-300x169.jpg 300w\" sizes=\"auto, (max-width: 644px) 100vw, 644px\" \/>Hola, soy Carlos Mor\u00e1n. Es el D\u00eda del Libro. Y es un poco menos raro que el del a\u00f1o pasado. Vamos avanzando. Aqu\u00ed en el blog lo que queremos celebrar es que la lectura nos ha ayudado a muchos a sobrellevar la pesadilla esta que nos ha ca\u00eddo encima. \u00a1Viva la lectura!<\/p>\n<p>Bueno, y ya puestos y para no perder la costumbre, os hacemos alguna recomendaci\u00f3n nada interesada, por supuesto, ja, ja, ja:<\/p>\n<p>&#8216;Buenas, soy Emilio Calatayud y voy a hablarles de&#8230;.&#8217; (Editorial Alienta-Planeta) (primera edici\u00f3n en 2014 y van ya ocho).<\/p>\n<p>&#8216;Mis sentencias ejemplares&#8217;, (editorial La Esfera de los Libros, primera edici\u00f3n 2004 y van ocho m\u00e1s una de bolsillo).<\/p>\n<p>Son sugerencias, no obligaciones. Leed lo que quer\u00e1is. No hay mejor vacuna para la tristeza pand\u00e9mica.<\/p>\n","protected":false},"excerpt":{"rendered":"<p>&nbsp; Hola, soy Carlos Mor\u00e1n. Es el D\u00eda del Libro. Y es un poco menos raro que el del a\u00f1o pasado. Vamos avanzando. Aqu\u00ed en el blog lo que queremos celebrar es que la lectura nos ha ayudado a muchos a sobrellevar la pesadilla esta que nos ha ca\u00eddo encima. \u00a1Viva la lectura! Bueno, y [&hellip;]<\/p>\n","protected":false},"author":3,"featured_media":0,"comment_status":"open","ping_status":"open","sticky":false,"template":"","format":"standard","meta":{"jetpack_post_was_ever_published":false,"_jetpack_newsletter_access":"","_jetpack_dont_email_post_to_subs":false,"_jetpack_newsletter_tier_id":0,"_jetpack_memberships_contains_paywalled_content":false,"_jetpack_memberships_contains_paid_content":false,"footnotes":""},"categories":[1],"tags":[2884,624],"class_list":["post-14616","post","type-post","status-publish","format-standard","hentry","category-blog","tag-del-libro","tag-dia"],"jetpack_featured_media_url":"","jetpack_shortlink":"https:\/\/wp.me\/p5fzW5-3NK","jetpack-related-posts":[],"jetpack_sharing_enabled":true,"_links":{"self":[{"href":"https:\/\/www.granadablogs.com\/juezcalatayud\/wp-json\/wp\/v2\/posts\/14616","targetHints":{"allow":["GET"]}}],"collection":[{"href":"https:\/\/www.granadablogs.com\/juezcalatayud\/wp-json\/wp\/v2\/posts"}],"about":[{"href":"https:\/\/www.granadablogs.com\/juezcalatayud\/wp-json\/wp\/v2\/types\/post"}],"author":[{"embeddable":true,"href":"https:\/\/www.granadablogs.com\/juezcalatayud\/wp-json\/wp\/v2\/users\/3"}],"replies":[{"embeddable":true,"href":"https:\/\/www.granadablogs.com\/juezcalatayud\/wp-json\/wp\/v2\/comments?post=14616"}],"version-history":[{"count":1,"href":"https:\/\/www.granadablogs.com\/juezcalatayud\/wp-json\/wp\/v2\/posts\/14616\/revisions"}],"predecessor-version":[{"id":14617,"href":"https:\/\/www.granadablogs.com\/juezcalatayud\/wp-json\/wp\/v2\/posts\/14616\/revisions\/14617"}],"wp:attachment":[{"href":"https:\/\/www.granadablogs.com\/juezcalatayud\/wp-json\/wp\/v2\/media?parent=14616"}],"wp:term":[{"taxonomy":"category","embeddable":true,"href":"https:\/\/www.granadablogs.com\/juezcalatayud\/wp-json\/wp\/v2\/categories?post=14616"},{"taxonomy":"post_tag","embeddable":true,"href":"https:\/\/www.granadablogs.com\/juezcalatayud\/wp-json\/wp\/v2\/tags?post=14616"}],"curies":[{"name":"wp","href":"https:\/\/api.w.org\/{rel}","templated":true}]}}