{"id":14572,"date":"2021-04-14T19:59:39","date_gmt":"2021-04-14T17:59:39","guid":{"rendered":"https:\/\/www.granadablogs.com\/juezcalatayud\/?p=14572"},"modified":"2021-04-14T20:02:02","modified_gmt":"2021-04-14T18:02:02","slug":"por-que-voy-a-dejar-de-robar-si-se-me-da-bien","status":"publish","type":"post","link":"https:\/\/www.granadablogs.com\/juezcalatayud\/2021\/04\/por-que-voy-a-dejar-de-robar-si-se-me-da-bien\/","title":{"rendered":"\u00ab\u00bfPor qu\u00e9 voy a dejar de robar si se me da bien?\u00bb"},"content":{"rendered":"<p>&nbsp;<\/p>\n<figure id=\"attachment_10129\" aria-describedby=\"caption-attachment-10129\" style=\"width: 644px\" class=\"wp-caption aligncenter\"><img loading=\"lazy\" decoding=\"async\" class=\"wp-image-10129 size-large\" src=\"https:\/\/www.granadablogs.com\/juezcalatayud\/wp-content\/uploads\/2019\/02\/Emil-644x430.jpg\" alt=\"\" width=\"644\" height=\"430\" srcset=\"https:\/\/www.granadablogs.com\/juezcalatayud\/wp-content\/uploads\/2019\/02\/Emil-644x430.jpg 644w, https:\/\/www.granadablogs.com\/juezcalatayud\/wp-content\/uploads\/2019\/02\/Emil-300x200.jpg 300w, https:\/\/www.granadablogs.com\/juezcalatayud\/wp-content\/uploads\/2019\/02\/Emil-768x513.jpg 768w\" sizes=\"auto, (max-width: 644px) 100vw, 644px\" \/><figcaption id=\"caption-attachment-10129\" class=\"wp-caption-text\">Foto: Efe<\/figcaption><\/figure>\n<p>Buenas, soy Emilio Calatayud. Para sacar adelante a un menor infractor hay que\u00a0 saber c\u00f3mo es su familia, d\u00f3nde vive, c\u00f3mo vive, qu\u00e9 tal le va en la escuela y hasta a qu\u00e9 hora se levanta y si se hace la cama. Todos tenemos nuestras circunstancias y hay que conocerlas. Y no para disculpar el delito, sino para castigar a ese chico con la efectividad suficiente como para que no vuelva a reincidir.<\/p>\n<p>Tened en cuenta, y hablo de la Espa\u00f1a del siglo XXI, que hay ni\u00f1os que delinquen porque no les cabe en la cabeza que pueden hacer otras cosas. \u00ab\u00bfPor qu\u00e9 voy a dejar de robar si se me da bien?\u00bb, te preguntan algunos.<\/p>\n<p>\u00bfQu\u00e9 le contestar\u00edas t\u00fa?<\/p>\n","protected":false},"excerpt":{"rendered":"<p>&nbsp; Buenas, soy Emilio Calatayud. Para sacar adelante a un menor infractor hay que\u00a0 saber c\u00f3mo es su familia, d\u00f3nde vive, c\u00f3mo vive, qu\u00e9 tal le va en la escuela y hasta a qu\u00e9 hora se levanta y si se hace la cama. Todos tenemos nuestras circunstancias y hay que conocerlas. Y no para disculpar [&hellip;]<\/p>\n","protected":false},"author":2,"featured_media":0,"comment_status":"open","ping_status":"open","sticky":false,"template":"","format":"standard","meta":{"jetpack_post_was_ever_published":false,"_jetpack_newsletter_access":"","_jetpack_dont_email_post_to_subs":false,"_jetpack_newsletter_tier_id":0,"_jetpack_memberships_contains_paywalled_content":false,"_jetpack_memberships_contains_paid_content":false,"footnotes":""},"categories":[1],"tags":[1423,906,2872,1533,978],"class_list":["post-14572","post","type-post","status-publish","format-standard","hentry","category-blog","tag-se","tag-bien","tag-da","tag-me","tag-robar"],"jetpack_featured_media_url":"","jetpack_shortlink":"https:\/\/wp.me\/p5fzW5-3N2","jetpack-related-posts":[],"jetpack_sharing_enabled":true,"_links":{"self":[{"href":"https:\/\/www.granadablogs.com\/juezcalatayud\/wp-json\/wp\/v2\/posts\/14572","targetHints":{"allow":["GET"]}}],"collection":[{"href":"https:\/\/www.granadablogs.com\/juezcalatayud\/wp-json\/wp\/v2\/posts"}],"about":[{"href":"https:\/\/www.granadablogs.com\/juezcalatayud\/wp-json\/wp\/v2\/types\/post"}],"author":[{"embeddable":true,"href":"https:\/\/www.granadablogs.com\/juezcalatayud\/wp-json\/wp\/v2\/users\/2"}],"replies":[{"embeddable":true,"href":"https:\/\/www.granadablogs.com\/juezcalatayud\/wp-json\/wp\/v2\/comments?post=14572"}],"version-history":[{"count":3,"href":"https:\/\/www.granadablogs.com\/juezcalatayud\/wp-json\/wp\/v2\/posts\/14572\/revisions"}],"predecessor-version":[{"id":14575,"href":"https:\/\/www.granadablogs.com\/juezcalatayud\/wp-json\/wp\/v2\/posts\/14572\/revisions\/14575"}],"wp:attachment":[{"href":"https:\/\/www.granadablogs.com\/juezcalatayud\/wp-json\/wp\/v2\/media?parent=14572"}],"wp:term":[{"taxonomy":"category","embeddable":true,"href":"https:\/\/www.granadablogs.com\/juezcalatayud\/wp-json\/wp\/v2\/categories?post=14572"},{"taxonomy":"post_tag","embeddable":true,"href":"https:\/\/www.granadablogs.com\/juezcalatayud\/wp-json\/wp\/v2\/tags?post=14572"}],"curies":[{"name":"wp","href":"https:\/\/api.w.org\/{rel}","templated":true}]}}