{"id":1456,"date":"2011-09-06T15:38:21","date_gmt":"2011-09-06T14:38:21","guid":{"rendered":"http:\/\/www.granadablogs.com\/juezcalatayud\/?p=1456"},"modified":"2011-09-06T15:41:11","modified_gmt":"2011-09-06T14:41:11","slug":"gracias-otra-vez","status":"publish","type":"post","link":"https:\/\/www.granadablogs.com\/juezcalatayud\/2011\/09\/gracias-otra-vez\/","title":{"rendered":"Gracias otra vez"},"content":{"rendered":"<p>Siguen llegando al blog mensajes de consuelo y de \u00e1nimo para don Emilio tras el fallecimiento de Azucena, su mujer, y \u00e9l me pide que reitere su agradecimiento. Durante unas semanas, el juez va a estar un tanto apartado de la vida p\u00fablica.<\/p>\n<p>Por mi parte, solo puedo decir que recuerdo con emoci\u00f3n la entereza con que Azucena sobrellev\u00f3 el c\u00e1ncer. As\u00ed fue desde el principio, desde el momento que recibi\u00f3 la mala nueva. Ella y su familia quisieron hacerlo p\u00fablico y con esa decisi\u00f3n contribuyeron a luchar contra una enfermedad que cada d\u00eda est\u00e1 m\u00e1s cerca de ser vencida.<\/p>\n<p>Aqu\u00ed os recuerdo el &#8216;post&#8217; en el que don Emilio dio a conocer que sus vidas se hab\u00edan topado con el c\u00e1ncer. Creo que que sigue teniendo la misma vigencia que entonces. http:\/\/www.granadablogs.com\/juezcalatayud\/2009\/09\/mi-mujer-tiene-cancer\/<\/p>\n","protected":false},"excerpt":{"rendered":"<p>Siguen llegando al blog mensajes de consuelo y de \u00e1nimo para don Emilio tras el fallecimiento de Azucena, su mujer, y \u00e9l me pide que reitere su agradecimiento. Durante unas semanas, el juez va a estar un tanto apartado de la vida p\u00fablica. Por mi parte, solo puedo decir que recuerdo con emoci\u00f3n la entereza [&hellip;]<\/p>\n","protected":false},"author":3,"featured_media":0,"comment_status":"open","ping_status":"open","sticky":false,"template":"","format":"standard","meta":{"jetpack_post_was_ever_published":false,"_jetpack_newsletter_access":"","_jetpack_dont_email_post_to_subs":false,"_jetpack_newsletter_tier_id":0,"_jetpack_memberships_contains_paywalled_content":false,"_jetpack_memberships_contains_paid_content":false,"footnotes":""},"categories":[1],"tags":[75,222],"class_list":["post-1456","post","type-post","status-publish","format-standard","hentry","category-blog","tag-cancer","tag-lucha"],"jetpack_featured_media_url":"","jetpack_shortlink":"https:\/\/wp.me\/p5fzW5-nu","jetpack-related-posts":[],"jetpack_sharing_enabled":true,"_links":{"self":[{"href":"https:\/\/www.granadablogs.com\/juezcalatayud\/wp-json\/wp\/v2\/posts\/1456","targetHints":{"allow":["GET"]}}],"collection":[{"href":"https:\/\/www.granadablogs.com\/juezcalatayud\/wp-json\/wp\/v2\/posts"}],"about":[{"href":"https:\/\/www.granadablogs.com\/juezcalatayud\/wp-json\/wp\/v2\/types\/post"}],"author":[{"embeddable":true,"href":"https:\/\/www.granadablogs.com\/juezcalatayud\/wp-json\/wp\/v2\/users\/3"}],"replies":[{"embeddable":true,"href":"https:\/\/www.granadablogs.com\/juezcalatayud\/wp-json\/wp\/v2\/comments?post=1456"}],"version-history":[{"count":3,"href":"https:\/\/www.granadablogs.com\/juezcalatayud\/wp-json\/wp\/v2\/posts\/1456\/revisions"}],"predecessor-version":[{"id":1459,"href":"https:\/\/www.granadablogs.com\/juezcalatayud\/wp-json\/wp\/v2\/posts\/1456\/revisions\/1459"}],"wp:attachment":[{"href":"https:\/\/www.granadablogs.com\/juezcalatayud\/wp-json\/wp\/v2\/media?parent=1456"}],"wp:term":[{"taxonomy":"category","embeddable":true,"href":"https:\/\/www.granadablogs.com\/juezcalatayud\/wp-json\/wp\/v2\/categories?post=1456"},{"taxonomy":"post_tag","embeddable":true,"href":"https:\/\/www.granadablogs.com\/juezcalatayud\/wp-json\/wp\/v2\/tags?post=1456"}],"curies":[{"name":"wp","href":"https:\/\/api.w.org\/{rel}","templated":true}]}}