{"id":14135,"date":"2021-01-11T21:11:29","date_gmt":"2021-01-11T19:11:29","guid":{"rendered":"https:\/\/www.granadablogs.com\/juezcalatayud\/?p=14135"},"modified":"2021-01-11T21:11:29","modified_gmt":"2021-01-11T19:11:29","slug":"hay-ninos-que-me-dicen-no-me-condene-a-estudiar-que-me-hielo-en-el-insti-prefiero-que-me-encierre","status":"publish","type":"post","link":"https:\/\/www.granadablogs.com\/juezcalatayud\/2021\/01\/hay-ninos-que-me-dicen-no-me-condene-a-estudiar-que-me-hielo-en-el-insti-prefiero-que-me-encierre\/","title":{"rendered":"Hay ni\u00f1os que me dicen: \u00abNo me condene a estudiar, que me hielo en el &#8216;insti&#8217;, prefiero que me encierre\u00bb"},"content":{"rendered":"<p>&nbsp;<\/p>\n<p><img loading=\"lazy\" decoding=\"async\" class=\"aligncenter wp-image-9176 size-full\" src=\"https:\/\/www.granadablogs.com\/juezcalatayud\/wp-content\/uploads\/2018\/09\/Corbata.jpg\" alt=\"\" width=\"620\" height=\"349\" srcset=\"https:\/\/www.granadablogs.com\/juezcalatayud\/wp-content\/uploads\/2018\/09\/Corbata.jpg 620w, https:\/\/www.granadablogs.com\/juezcalatayud\/wp-content\/uploads\/2018\/09\/Corbata-300x169.jpg 300w\" sizes=\"auto, (max-width: 620px) 100vw, 620px\" \/>Buenas, soy Emilio Calatayud. Y cuando parec\u00eda que las cosas pod\u00edan empezar a mejorar con la vacuna, llegaron Filomena y la tercera ola, y ya estamos peor que antes. Y mira que parec\u00eda dif\u00edcil. Por el &#8216;bicho&#8217;,\u00a0 los chavales est\u00e1n en clase con las ventanas abiertas y a cero grados, ni fr\u00edo ni calor, que dec\u00eda el otro. Mantas, gorros&#8230; Parecen los chiquillos de la posguerra. Ya hay ni\u00f1os que me dicen: \u00abNo me condene a estudiar, que me hielo en el &#8216;insti&#8217;, prefiero que me encierre, se\u00f1or juez\u00bb. Y el internamiento es la pena m\u00e1s severa que hay para los menores&#8230; Pues la prefieren antes que congelarse. Estoy de acuerdo con ellos: ir al cole en estas condiciones es m\u00e1s cruel que meterlos en un celda. Una pena.<\/p>\n","protected":false},"excerpt":{"rendered":"<p>&nbsp; Buenas, soy Emilio Calatayud. Y cuando parec\u00eda que las cosas pod\u00edan empezar a mejorar con la vacuna, llegaron Filomena y la tercera ola, y ya estamos peor que antes. Y mira que parec\u00eda dif\u00edcil. Por el &#8216;bicho&#8217;,\u00a0 los chavales est\u00e1n en clase con las ventanas abiertas y a cero grados, ni fr\u00edo ni calor, [&hellip;]<\/p>\n","protected":false},"author":2,"featured_media":0,"comment_status":"open","ping_status":"open","sticky":false,"template":"","format":"standard","meta":{"jetpack_post_was_ever_published":false,"_jetpack_newsletter_access":"","_jetpack_dont_email_post_to_subs":false,"_jetpack_newsletter_tier_id":0,"_jetpack_memberships_contains_paywalled_content":false,"_jetpack_memberships_contains_paid_content":false,"footnotes":""},"categories":[1],"tags":[89,1673,2624],"class_list":["post-14135","post","type-post","status-publish","format-standard","hentry","category-blog","tag-escuela","tag-frio","tag-virus"],"jetpack_featured_media_url":"","jetpack_shortlink":"https:\/\/wp.me\/p5fzW5-3FZ","jetpack-related-posts":[],"jetpack_sharing_enabled":true,"_links":{"self":[{"href":"https:\/\/www.granadablogs.com\/juezcalatayud\/wp-json\/wp\/v2\/posts\/14135","targetHints":{"allow":["GET"]}}],"collection":[{"href":"https:\/\/www.granadablogs.com\/juezcalatayud\/wp-json\/wp\/v2\/posts"}],"about":[{"href":"https:\/\/www.granadablogs.com\/juezcalatayud\/wp-json\/wp\/v2\/types\/post"}],"author":[{"embeddable":true,"href":"https:\/\/www.granadablogs.com\/juezcalatayud\/wp-json\/wp\/v2\/users\/2"}],"replies":[{"embeddable":true,"href":"https:\/\/www.granadablogs.com\/juezcalatayud\/wp-json\/wp\/v2\/comments?post=14135"}],"version-history":[{"count":4,"href":"https:\/\/www.granadablogs.com\/juezcalatayud\/wp-json\/wp\/v2\/posts\/14135\/revisions"}],"predecessor-version":[{"id":14139,"href":"https:\/\/www.granadablogs.com\/juezcalatayud\/wp-json\/wp\/v2\/posts\/14135\/revisions\/14139"}],"wp:attachment":[{"href":"https:\/\/www.granadablogs.com\/juezcalatayud\/wp-json\/wp\/v2\/media?parent=14135"}],"wp:term":[{"taxonomy":"category","embeddable":true,"href":"https:\/\/www.granadablogs.com\/juezcalatayud\/wp-json\/wp\/v2\/categories?post=14135"},{"taxonomy":"post_tag","embeddable":true,"href":"https:\/\/www.granadablogs.com\/juezcalatayud\/wp-json\/wp\/v2\/tags?post=14135"}],"curies":[{"name":"wp","href":"https:\/\/api.w.org\/{rel}","templated":true}]}}