{"id":14040,"date":"2020-12-23T20:59:17","date_gmt":"2020-12-23T18:59:17","guid":{"rendered":"https:\/\/www.granadablogs.com\/juezcalatayud\/?p=14040"},"modified":"2020-12-23T20:59:17","modified_gmt":"2020-12-23T18:59:17","slug":"don-emilio-soy-alumno-del-colegio-publico-emilio-calatayud-y-te-deseo-unas-felices-fiestas","status":"publish","type":"post","link":"https:\/\/www.granadablogs.com\/juezcalatayud\/2020\/12\/don-emilio-soy-alumno-del-colegio-publico-emilio-calatayud-y-te-deseo-unas-felices-fiestas\/","title":{"rendered":"\u00abDon Emilio, soy alumno del colegio p\u00fablico Emilio Calatayud y te deseo unas felices fiestas&#8230;.\u00bb"},"content":{"rendered":"<p>&nbsp;<\/p>\n<figure id=\"attachment_13866\" aria-describedby=\"caption-attachment-13866\" style=\"width: 644px\" class=\"wp-caption aligncenter\"><img loading=\"lazy\" decoding=\"async\" class=\"wp-image-13866 size-large\" src=\"https:\/\/www.granadablogs.com\/juezcalatayud\/wp-content\/uploads\/2020\/11\/Emilio-644x429.jpg\" alt=\"\" width=\"644\" height=\"429\" srcset=\"https:\/\/www.granadablogs.com\/juezcalatayud\/wp-content\/uploads\/2020\/11\/Emilio-644x429.jpg 644w, https:\/\/www.granadablogs.com\/juezcalatayud\/wp-content\/uploads\/2020\/11\/Emilio-300x200.jpg 300w, https:\/\/www.granadablogs.com\/juezcalatayud\/wp-content\/uploads\/2020\/11\/Emilio-768x512.jpg 768w\" sizes=\"auto, (max-width: 644px) 100vw, 644px\" \/><figcaption id=\"caption-attachment-13866\" class=\"wp-caption-text\">Foto: Ram\u00f3n L. P\u00e9rez<\/p>\n<p><\/figcaption><\/figure>\n<p>Buenas, soy Emilio Calatayud. Lo primero es dar las gracias a las miles de personas que me han felicitado por mi 65 cumplea\u00f1os a trav\u00e9s del Internet. Es una satisfacci\u00f3n muy grande y tambi\u00e9n una responsabilidad enorme.<\/p>\n<p>Entre esas felicitaciones me lleg\u00f3 esta: \u00abDon Emilio, soy Alejandro, el alumno del colegio p\u00fablico Emilio Calatayud que te hizo la entrevista el a\u00f1o pasado.Te escribo para felicitarte por tu cumplea\u00f1os y de paso desearte unas felices fiestas a ti a tu familia.\u00a0Esperamos verte pronto por el colegio\u00bb.<\/p>\n<p>Los alumnos de un &#8216;cole&#8217; que se llame Cervantes, es un poner, no pueden felicitar a Cervantes, pero los del &#8216;cole&#8217; Emilio Calatayud s\u00ed pueden hacerlo. Por cosas como esta siempre digo que los homenajes hay que darlos en vida.<\/p>\n<p>Por cierto, el otro d\u00eda mantuve un &#8216;teledi\u00e1logo&#8217; con los ni\u00f1os del &#8216;cole&#8217; Emilio Calatayud, que est\u00e1 en Numancia de la Sagra, y hablamos de un mont\u00f3n de cosas: de mis hijos, de mi profesi\u00f3n, de mi nieta&#8230; Lo que hubiera dado Cervantes por disfrutar de algo as\u00ed&#8230;.<\/p>\n","protected":false},"excerpt":{"rendered":"<p>&nbsp; Buenas, soy Emilio Calatayud. Lo primero es dar las gracias a las miles de personas que me han felicitado por mi 65 cumplea\u00f1os a trav\u00e9s del Internet. Es una satisfacci\u00f3n muy grande y tambi\u00e9n una responsabilidad enorme. Entre esas felicitaciones me lleg\u00f3 esta: \u00abDon Emilio, soy Alejandro, el alumno del colegio p\u00fablico Emilio Calatayud [&hellip;]<\/p>\n","protected":false},"author":2,"featured_media":0,"comment_status":"open","ping_status":"open","sticky":false,"template":"","format":"standard","meta":{"jetpack_post_was_ever_published":false,"_jetpack_newsletter_access":"","_jetpack_dont_email_post_to_subs":false,"_jetpack_newsletter_tier_id":0,"_jetpack_memberships_contains_paywalled_content":false,"_jetpack_memberships_contains_paid_content":false,"footnotes":""},"categories":[1],"tags":[293,27],"class_list":["post-14040","post","type-post","status-publish","format-standard","hentry","category-blog","tag-colegio","tag-emilio-calatayud"],"jetpack_featured_media_url":"","jetpack_shortlink":"https:\/\/wp.me\/p5fzW5-3Es","jetpack-related-posts":[],"jetpack_sharing_enabled":true,"_links":{"self":[{"href":"https:\/\/www.granadablogs.com\/juezcalatayud\/wp-json\/wp\/v2\/posts\/14040","targetHints":{"allow":["GET"]}}],"collection":[{"href":"https:\/\/www.granadablogs.com\/juezcalatayud\/wp-json\/wp\/v2\/posts"}],"about":[{"href":"https:\/\/www.granadablogs.com\/juezcalatayud\/wp-json\/wp\/v2\/types\/post"}],"author":[{"embeddable":true,"href":"https:\/\/www.granadablogs.com\/juezcalatayud\/wp-json\/wp\/v2\/users\/2"}],"replies":[{"embeddable":true,"href":"https:\/\/www.granadablogs.com\/juezcalatayud\/wp-json\/wp\/v2\/comments?post=14040"}],"version-history":[{"count":2,"href":"https:\/\/www.granadablogs.com\/juezcalatayud\/wp-json\/wp\/v2\/posts\/14040\/revisions"}],"predecessor-version":[{"id":14042,"href":"https:\/\/www.granadablogs.com\/juezcalatayud\/wp-json\/wp\/v2\/posts\/14040\/revisions\/14042"}],"wp:attachment":[{"href":"https:\/\/www.granadablogs.com\/juezcalatayud\/wp-json\/wp\/v2\/media?parent=14040"}],"wp:term":[{"taxonomy":"category","embeddable":true,"href":"https:\/\/www.granadablogs.com\/juezcalatayud\/wp-json\/wp\/v2\/categories?post=14040"},{"taxonomy":"post_tag","embeddable":true,"href":"https:\/\/www.granadablogs.com\/juezcalatayud\/wp-json\/wp\/v2\/tags?post=14040"}],"curies":[{"name":"wp","href":"https:\/\/api.w.org\/{rel}","templated":true}]}}