{"id":14032,"date":"2020-12-22T16:54:53","date_gmt":"2020-12-22T14:54:53","guid":{"rendered":"https:\/\/www.granadablogs.com\/juezcalatayud\/?p=14032"},"modified":"2020-12-22T16:54:53","modified_gmt":"2020-12-22T14:54:53","slug":"feliz-65-cumpleanos-don-emilio-que-la-buena-estrella-con-la-que-nacio-le-acompane-siempre","status":"publish","type":"post","link":"https:\/\/www.granadablogs.com\/juezcalatayud\/2020\/12\/feliz-65-cumpleanos-don-emilio-que-la-buena-estrella-con-la-que-nacio-le-acompane-siempre\/","title":{"rendered":"Feliz 65 cumplea\u00f1os, don Emilio, que la buena estrella con la que naci\u00f3 le acompa\u00f1e siempre"},"content":{"rendered":"<p>&nbsp;<\/p>\n<figure id=\"attachment_14031\" aria-describedby=\"caption-attachment-14031\" style=\"width: 644px\" class=\"wp-caption aligncenter\"><img loading=\"lazy\" decoding=\"async\" class=\"wp-image-14031 size-large\" src=\"https:\/\/www.granadablogs.com\/juezcalatayud\/wp-content\/uploads\/2020\/12\/BEBE-Calatayud-644x864.jpg\" alt=\"\" width=\"644\" height=\"864\" srcset=\"https:\/\/www.granadablogs.com\/juezcalatayud\/wp-content\/uploads\/2020\/12\/BEBE-Calatayud.jpg 644w, https:\/\/www.granadablogs.com\/juezcalatayud\/wp-content\/uploads\/2020\/12\/BEBE-Calatayud-224x300.jpg 224w\" sizes=\"auto, (max-width: 644px) 100vw, 644px\" \/><figcaption id=\"caption-attachment-14031\" class=\"wp-caption-text\">Don Emilio, reci\u00e9n nacido, con su abuela y sus hermanillos.<\/figcaption><\/figure>\n<p>Hola, soy Carlos Mor\u00e1n.\u00a0 El abuelo don Emilio, porque lo es, cumple hoy 65 a\u00f1os. Es un d\u00eda especial y una edad especial. As\u00ed que lo primero es desearle felicidades. Esta ma\u00f1ana, como casi todos los martes, ha estado impartiendo justicia. \u00abAlguien tiene que levantar Espa\u00f1a\u00bb, dec\u00eda para disimular su emoci\u00f3n, porque, aunque parezca un tipo duro, cada vez es m\u00e1s f\u00e1cil que se le salte una lagrimilla. Por ejemplo, cuando su nieta Oli le ha &#8216;videollamado&#8217; para cantarle el feliz cumplea\u00f1os.<\/p>\n<p>Don Emilio naci\u00f3\u00a0 un 22 de diciembre y a su madre le tocaron 600 euros en el sorteo de Navidad (hoy ha ca\u00eddo el Gordo en Granada, pero no hay constancia de que el juez sea uno de los agraciados). Su padre dijo entonces: \u00abEste ni\u00f1o\u00a0 ha nacido con estrella\u00bb. Los que le queremos esperamos que esa buena estrella con la que naci\u00f3 le acompa\u00f1e siempre.<\/p>\n","protected":false},"excerpt":{"rendered":"<p>&nbsp; Hola, soy Carlos Mor\u00e1n.\u00a0 El abuelo don Emilio, porque lo es, cumple hoy 65 a\u00f1os. Es un d\u00eda especial y una edad especial. As\u00ed que lo primero es desearle felicidades. Esta ma\u00f1ana, como casi todos los martes, ha estado impartiendo justicia. \u00abAlguien tiene que levantar Espa\u00f1a\u00bb, dec\u00eda para disimular su emoci\u00f3n, porque, aunque parezca [&hellip;]<\/p>\n","protected":false},"author":3,"featured_media":0,"comment_status":"open","ping_status":"open","sticky":false,"template":"","format":"standard","meta":{"jetpack_post_was_ever_published":false,"_jetpack_newsletter_access":"","_jetpack_dont_email_post_to_subs":false,"_jetpack_newsletter_tier_id":0,"_jetpack_memberships_contains_paywalled_content":false,"_jetpack_memberships_contains_paid_content":false,"footnotes":""},"categories":[1],"tags":[],"class_list":["post-14032","post","type-post","status-publish","format-standard","hentry","category-blog"],"jetpack_featured_media_url":"","jetpack_shortlink":"https:\/\/wp.me\/p5fzW5-3Ek","jetpack-related-posts":[],"jetpack_sharing_enabled":true,"_links":{"self":[{"href":"https:\/\/www.granadablogs.com\/juezcalatayud\/wp-json\/wp\/v2\/posts\/14032","targetHints":{"allow":["GET"]}}],"collection":[{"href":"https:\/\/www.granadablogs.com\/juezcalatayud\/wp-json\/wp\/v2\/posts"}],"about":[{"href":"https:\/\/www.granadablogs.com\/juezcalatayud\/wp-json\/wp\/v2\/types\/post"}],"author":[{"embeddable":true,"href":"https:\/\/www.granadablogs.com\/juezcalatayud\/wp-json\/wp\/v2\/users\/3"}],"replies":[{"embeddable":true,"href":"https:\/\/www.granadablogs.com\/juezcalatayud\/wp-json\/wp\/v2\/comments?post=14032"}],"version-history":[{"count":7,"href":"https:\/\/www.granadablogs.com\/juezcalatayud\/wp-json\/wp\/v2\/posts\/14032\/revisions"}],"predecessor-version":[{"id":14039,"href":"https:\/\/www.granadablogs.com\/juezcalatayud\/wp-json\/wp\/v2\/posts\/14032\/revisions\/14039"}],"wp:attachment":[{"href":"https:\/\/www.granadablogs.com\/juezcalatayud\/wp-json\/wp\/v2\/media?parent=14032"}],"wp:term":[{"taxonomy":"category","embeddable":true,"href":"https:\/\/www.granadablogs.com\/juezcalatayud\/wp-json\/wp\/v2\/categories?post=14032"},{"taxonomy":"post_tag","embeddable":true,"href":"https:\/\/www.granadablogs.com\/juezcalatayud\/wp-json\/wp\/v2\/tags?post=14032"}],"curies":[{"name":"wp","href":"https:\/\/api.w.org\/{rel}","templated":true}]}}