{"id":13990,"date":"2020-12-14T21:14:47","date_gmt":"2020-12-14T19:14:47","guid":{"rendered":"https:\/\/www.granadablogs.com\/juezcalatayud\/?p=13990"},"modified":"2020-12-14T21:14:47","modified_gmt":"2020-12-14T19:14:47","slug":"el-ejemplo-de-un-futbolista-de-primera-que-dedica-un-gol-a-su-abuela-enferma-de-covid-la-necesito-y-la-amo","status":"publish","type":"post","link":"https:\/\/www.granadablogs.com\/juezcalatayud\/2020\/12\/el-ejemplo-de-un-futbolista-de-primera-que-dedica-un-gol-a-su-abuela-enferma-de-covid-la-necesito-y-la-amo\/","title":{"rendered":"El ejemplo de un futbolista de Primera que dedica un gol a su abuela, enferma de Covid: \u00abLa necesito y la amo\u00bb"},"content":{"rendered":"<p>&nbsp;<\/p>\n<figure id=\"attachment_10584\" aria-describedby=\"caption-attachment-10584\" style=\"width: 644px\" class=\"wp-caption aligncenter\"><img loading=\"lazy\" decoding=\"async\" class=\"wp-image-10584 size-large\" src=\"https:\/\/www.granadablogs.com\/juezcalatayud\/wp-content\/uploads\/2019\/05\/Emi-nueva-644x429.jpg\" alt=\"\" width=\"644\" height=\"429\" srcset=\"https:\/\/www.granadablogs.com\/juezcalatayud\/wp-content\/uploads\/2019\/05\/Emi-nueva-644x429.jpg 644w, https:\/\/www.granadablogs.com\/juezcalatayud\/wp-content\/uploads\/2019\/05\/Emi-nueva-300x200.jpg 300w, https:\/\/www.granadablogs.com\/juezcalatayud\/wp-content\/uploads\/2019\/05\/Emi-nueva-768x512.jpg 768w\" sizes=\"auto, (max-width: 644px) 100vw, 644px\" \/><figcaption id=\"caption-attachment-10584\" class=\"wp-caption-text\">Foto: Alfredo Aguilar.<\/figcaption><\/figure>\n<p>Buenas, soy Emilio Calatayud. Se llama Javier Ontiveros y es futbolista de Primera Divisi\u00f3n. Juega en el Huesca y ha dado un ejemplo de amor muy emocionante. Tras marcar un gol, dedic\u00f3 un precioso mensaje a su abuela, que est\u00e1 ingresada en un centro sanitario tras haberse contagiado del Covid. Esto fue lo que dijo Javier: \u00abLa dedicatoria es para mi abuela, que est\u00e1 en el hospital con coronavirus. Espero que salga cuanto antes, la necesito y la amo\u00bb. Deseamos que se recupere r\u00e1pidamente y la felicitamos por tener un nieto que es una buena persona.<\/p>\n<p>Y a ver si aprenden algo los de los botellones y las fiestas.<\/p>\n","protected":false},"excerpt":{"rendered":"<p>&nbsp; Buenas, soy Emilio Calatayud. Se llama Javier Ontiveros y es futbolista de Primera Divisi\u00f3n. Juega en el Huesca y ha dado un ejemplo de amor muy emocionante. Tras marcar un gol, dedic\u00f3 un precioso mensaje a su abuela, que est\u00e1 ingresada en un centro sanitario tras haberse contagiado del Covid. Esto fue lo que [&hellip;]<\/p>\n","protected":false},"author":2,"featured_media":0,"comment_status":"open","ping_status":"open","sticky":false,"template":"","format":"standard","meta":{"jetpack_post_was_ever_published":false,"_jetpack_newsletter_access":"","_jetpack_dont_email_post_to_subs":false,"_jetpack_newsletter_tier_id":0,"_jetpack_memberships_contains_paywalled_content":false,"_jetpack_memberships_contains_paid_content":false,"footnotes":""},"categories":[1],"tags":[1648,2796,2795],"class_list":["post-13990","post","type-post","status-publish","format-standard","hentry","category-blog","tag-abuela","tag-enferma","tag-ontiveros"],"jetpack_featured_media_url":"","jetpack_shortlink":"https:\/\/wp.me\/p5fzW5-3DE","jetpack-related-posts":[],"jetpack_sharing_enabled":true,"_links":{"self":[{"href":"https:\/\/www.granadablogs.com\/juezcalatayud\/wp-json\/wp\/v2\/posts\/13990","targetHints":{"allow":["GET"]}}],"collection":[{"href":"https:\/\/www.granadablogs.com\/juezcalatayud\/wp-json\/wp\/v2\/posts"}],"about":[{"href":"https:\/\/www.granadablogs.com\/juezcalatayud\/wp-json\/wp\/v2\/types\/post"}],"author":[{"embeddable":true,"href":"https:\/\/www.granadablogs.com\/juezcalatayud\/wp-json\/wp\/v2\/users\/2"}],"replies":[{"embeddable":true,"href":"https:\/\/www.granadablogs.com\/juezcalatayud\/wp-json\/wp\/v2\/comments?post=13990"}],"version-history":[{"count":2,"href":"https:\/\/www.granadablogs.com\/juezcalatayud\/wp-json\/wp\/v2\/posts\/13990\/revisions"}],"predecessor-version":[{"id":13992,"href":"https:\/\/www.granadablogs.com\/juezcalatayud\/wp-json\/wp\/v2\/posts\/13990\/revisions\/13992"}],"wp:attachment":[{"href":"https:\/\/www.granadablogs.com\/juezcalatayud\/wp-json\/wp\/v2\/media?parent=13990"}],"wp:term":[{"taxonomy":"category","embeddable":true,"href":"https:\/\/www.granadablogs.com\/juezcalatayud\/wp-json\/wp\/v2\/categories?post=13990"},{"taxonomy":"post_tag","embeddable":true,"href":"https:\/\/www.granadablogs.com\/juezcalatayud\/wp-json\/wp\/v2\/tags?post=13990"}],"curies":[{"name":"wp","href":"https:\/\/api.w.org\/{rel}","templated":true}]}}