{"id":13964,"date":"2020-12-09T20:54:20","date_gmt":"2020-12-09T18:54:20","guid":{"rendered":"https:\/\/www.granadablogs.com\/juezcalatayud\/?p=13964"},"modified":"2020-12-09T20:54:20","modified_gmt":"2020-12-09T18:54:20","slug":"asistentes-a-una-fiesta-ilegal-gritan-libertad-contagiar-no-es-libertad-es-encarcelar-y-matar-a-los-vulnerables","status":"publish","type":"post","link":"https:\/\/www.granadablogs.com\/juezcalatayud\/2020\/12\/asistentes-a-una-fiesta-ilegal-gritan-libertad-contagiar-no-es-libertad-es-encarcelar-y-matar-a-los-vulnerables\/","title":{"rendered":"Asistentes a una fiesta ilegal gritan \u00abLibertad\u00bb: contagiar no es libertad, es encarcelar y matar a los vulnerables"},"content":{"rendered":"<p>&nbsp;<\/p>\n<figure id=\"attachment_7727\" aria-describedby=\"caption-attachment-7727\" style=\"width: 644px\" class=\"wp-caption aligncenter\"><img loading=\"lazy\" decoding=\"async\" class=\"wp-image-7727 size-large\" src=\"https:\/\/www.granadablogs.com\/juezcalatayud\/wp-content\/uploads\/2018\/02\/juezjuez-644x398.jpg\" alt=\"\" width=\"644\" height=\"398\" srcset=\"https:\/\/www.granadablogs.com\/juezcalatayud\/wp-content\/uploads\/2018\/02\/juezjuez-644x398.jpg 644w, https:\/\/www.granadablogs.com\/juezcalatayud\/wp-content\/uploads\/2018\/02\/juezjuez-300x185.jpg 300w, https:\/\/www.granadablogs.com\/juezcalatayud\/wp-content\/uploads\/2018\/02\/juezjuez.jpg 648w\" sizes=\"auto, (max-width: 644px) 100vw, 644px\" \/><figcaption id=\"caption-attachment-7727\" class=\"wp-caption-text\">IDEAL.<\/figcaption><\/figure>\n<p>Buenas, soy Emilio Calatayud. Unas setenta personas han participado en una fiesta ilegal en una localidad de Vizcaya. Y cuando lleg\u00f3 la polic\u00eda para poner coto al desfase dec\u00edan: \u00aaQue nos quiten lo &#8216;bailao'\u00bb y \u00abLibertad\u00bb. Sobre lo primero, solo puede decir que ellos tambi\u00e9n tendr\u00e1n que morir alg\u00fan d\u00eda y, cuando eso ocurra, no se van a llevar ni la llave. Sobre lo segundo, propagar el virus no es libertad, es meter en una c\u00e1rcel a las personas m\u00e1s vulnerables y, en muchos casos, matarlas.<\/p>\n","protected":false},"excerpt":{"rendered":"<p>&nbsp; Buenas, soy Emilio Calatayud. Unas setenta personas han participado en una fiesta ilegal en una localidad de Vizcaya. Y cuando lleg\u00f3 la polic\u00eda para poner coto al desfase dec\u00edan: \u00aaQue nos quiten lo &#8216;bailao&#8217;\u00bb y \u00abLibertad\u00bb. Sobre lo primero, solo puede decir que ellos tambi\u00e9n tendr\u00e1n que morir alg\u00fan d\u00eda y, cuando eso ocurra, [&hellip;]<\/p>\n","protected":false},"author":2,"featured_media":0,"comment_status":"open","ping_status":"open","sticky":false,"template":"","format":"standard","meta":{"jetpack_post_was_ever_published":false,"_jetpack_newsletter_access":"","_jetpack_dont_email_post_to_subs":false,"_jetpack_newsletter_tier_id":0,"_jetpack_memberships_contains_paywalled_content":false,"_jetpack_memberships_contains_paid_content":false,"footnotes":""},"categories":[1],"tags":[2792,598,721],"class_list":["post-13964","post","type-post","status-publish","format-standard","hentry","category-blog","tag-encarcelar","tag-fiesta","tag-libertad"],"jetpack_featured_media_url":"","jetpack_shortlink":"https:\/\/wp.me\/p5fzW5-3De","jetpack-related-posts":[],"jetpack_sharing_enabled":true,"_links":{"self":[{"href":"https:\/\/www.granadablogs.com\/juezcalatayud\/wp-json\/wp\/v2\/posts\/13964","targetHints":{"allow":["GET"]}}],"collection":[{"href":"https:\/\/www.granadablogs.com\/juezcalatayud\/wp-json\/wp\/v2\/posts"}],"about":[{"href":"https:\/\/www.granadablogs.com\/juezcalatayud\/wp-json\/wp\/v2\/types\/post"}],"author":[{"embeddable":true,"href":"https:\/\/www.granadablogs.com\/juezcalatayud\/wp-json\/wp\/v2\/users\/2"}],"replies":[{"embeddable":true,"href":"https:\/\/www.granadablogs.com\/juezcalatayud\/wp-json\/wp\/v2\/comments?post=13964"}],"version-history":[{"count":5,"href":"https:\/\/www.granadablogs.com\/juezcalatayud\/wp-json\/wp\/v2\/posts\/13964\/revisions"}],"predecessor-version":[{"id":13969,"href":"https:\/\/www.granadablogs.com\/juezcalatayud\/wp-json\/wp\/v2\/posts\/13964\/revisions\/13969"}],"wp:attachment":[{"href":"https:\/\/www.granadablogs.com\/juezcalatayud\/wp-json\/wp\/v2\/media?parent=13964"}],"wp:term":[{"taxonomy":"category","embeddable":true,"href":"https:\/\/www.granadablogs.com\/juezcalatayud\/wp-json\/wp\/v2\/categories?post=13964"},{"taxonomy":"post_tag","embeddable":true,"href":"https:\/\/www.granadablogs.com\/juezcalatayud\/wp-json\/wp\/v2\/tags?post=13964"}],"curies":[{"name":"wp","href":"https:\/\/api.w.org\/{rel}","templated":true}]}}