{"id":13960,"date":"2020-12-08T19:47:53","date_gmt":"2020-12-08T17:47:53","guid":{"rendered":"https:\/\/www.granadablogs.com\/juezcalatayud\/?p=13960"},"modified":"2020-12-08T19:47:53","modified_gmt":"2020-12-08T17:47:53","slug":"quien-ve-contradicciones-en-todos-los-demas-no-la-ve-en-ser-laico-y-descansar-el-dia-de-la-inmaculada","status":"publish","type":"post","link":"https:\/\/www.granadablogs.com\/juezcalatayud\/2020\/12\/quien-ve-contradicciones-en-todos-los-demas-no-la-ve-en-ser-laico-y-descansar-el-dia-de-la-inmaculada\/","title":{"rendered":"Quien ve contradicciones en todos los dem\u00e1s, no la ve en ser laico y descansar el D\u00eda de la Inmaculada"},"content":{"rendered":"<p>&nbsp;<\/p>\n<figure id=\"attachment_11820\" aria-describedby=\"caption-attachment-11820\" style=\"width: 644px\" class=\"wp-caption aligncenter\"><img loading=\"lazy\" decoding=\"async\" class=\"wp-image-11820 size-large\" src=\"https:\/\/www.granadablogs.com\/juezcalatayud\/wp-content\/uploads\/2019\/12\/Emil-neuf-644x429.jpg\" alt=\"\" width=\"644\" height=\"429\" srcset=\"https:\/\/www.granadablogs.com\/juezcalatayud\/wp-content\/uploads\/2019\/12\/Emil-neuf-644x429.jpg 644w, https:\/\/www.granadablogs.com\/juezcalatayud\/wp-content\/uploads\/2019\/12\/Emil-neuf-300x200.jpg 300w, https:\/\/www.granadablogs.com\/juezcalatayud\/wp-content\/uploads\/2019\/12\/Emil-neuf-768x512.jpg 768w\" sizes=\"auto, (max-width: 644px) 100vw, 644px\" \/><figcaption id=\"caption-attachment-11820\" class=\"wp-caption-text\">Foto: Alfredo Aguilar<\/figcaption><\/figure>\n<p>Buenas, soy Emilio Calatayud. Soy cat\u00f3lico, apost\u00f3lico y romano, aunque poco practicante. Y no me escondo. Y acepto que haya quien se\u00f1ale las contradicciones de los cat\u00f3licos, apost\u00f3licos y romanos. Por eso mismo, yo tambi\u00e9n se\u00f1alo las contradicciones de los que no son cat\u00f3licos, apost\u00f3licos y romanos. Y es que hay quien ven contradicciones en todos los dem\u00e1s, pero no la ve en ser ateo o laico y descansar en el D\u00eda de la Inmaculada, que es una fiesta religiosa.<\/p>\n<p>En cualquier caso, feliz D\u00eda de Inmaculada a todos: a los contradictorios y a los que creen que no lo son.<\/p>\n","protected":false},"excerpt":{"rendered":"<p>&nbsp; Buenas, soy Emilio Calatayud. Soy cat\u00f3lico, apost\u00f3lico y romano, aunque poco practicante. Y no me escondo. Y acepto que haya quien se\u00f1ale las contradicciones de los cat\u00f3licos, apost\u00f3licos y romanos. Por eso mismo, yo tambi\u00e9n se\u00f1alo las contradicciones de los que no son cat\u00f3licos, apost\u00f3licos y romanos. Y es que hay quien ven contradicciones [&hellip;]<\/p>\n","protected":false},"author":2,"featured_media":0,"comment_status":"open","ping_status":"open","sticky":false,"template":"","format":"standard","meta":{"jetpack_post_was_ever_published":false,"_jetpack_newsletter_access":"","_jetpack_dont_email_post_to_subs":false,"_jetpack_newsletter_tier_id":0,"_jetpack_memberships_contains_paywalled_content":false,"_jetpack_memberships_contains_paid_content":false,"footnotes":""},"categories":[1],"tags":[598,1939],"class_list":["post-13960","post","type-post","status-publish","format-standard","hentry","category-blog","tag-fiesta","tag-inmaculada"],"jetpack_featured_media_url":"","jetpack_shortlink":"https:\/\/wp.me\/p5fzW5-3Da","jetpack-related-posts":[],"jetpack_sharing_enabled":true,"_links":{"self":[{"href":"https:\/\/www.granadablogs.com\/juezcalatayud\/wp-json\/wp\/v2\/posts\/13960","targetHints":{"allow":["GET"]}}],"collection":[{"href":"https:\/\/www.granadablogs.com\/juezcalatayud\/wp-json\/wp\/v2\/posts"}],"about":[{"href":"https:\/\/www.granadablogs.com\/juezcalatayud\/wp-json\/wp\/v2\/types\/post"}],"author":[{"embeddable":true,"href":"https:\/\/www.granadablogs.com\/juezcalatayud\/wp-json\/wp\/v2\/users\/2"}],"replies":[{"embeddable":true,"href":"https:\/\/www.granadablogs.com\/juezcalatayud\/wp-json\/wp\/v2\/comments?post=13960"}],"version-history":[{"count":3,"href":"https:\/\/www.granadablogs.com\/juezcalatayud\/wp-json\/wp\/v2\/posts\/13960\/revisions"}],"predecessor-version":[{"id":13963,"href":"https:\/\/www.granadablogs.com\/juezcalatayud\/wp-json\/wp\/v2\/posts\/13960\/revisions\/13963"}],"wp:attachment":[{"href":"https:\/\/www.granadablogs.com\/juezcalatayud\/wp-json\/wp\/v2\/media?parent=13960"}],"wp:term":[{"taxonomy":"category","embeddable":true,"href":"https:\/\/www.granadablogs.com\/juezcalatayud\/wp-json\/wp\/v2\/categories?post=13960"},{"taxonomy":"post_tag","embeddable":true,"href":"https:\/\/www.granadablogs.com\/juezcalatayud\/wp-json\/wp\/v2\/tags?post=13960"}],"curies":[{"name":"wp","href":"https:\/\/api.w.org\/{rel}","templated":true}]}}