{"id":13955,"date":"2020-12-07T20:57:22","date_gmt":"2020-12-07T18:57:22","guid":{"rendered":"https:\/\/www.granadablogs.com\/juezcalatayud\/?p=13955"},"modified":"2020-12-07T20:57:22","modified_gmt":"2020-12-07T18:57:22","slug":"salvar-la-navidad-no-es-salvar-las-borracheras-es-recordar-el-nacimiento-de-jesus-al-menos-para-los-catolicos","status":"publish","type":"post","link":"https:\/\/www.granadablogs.com\/juezcalatayud\/2020\/12\/salvar-la-navidad-no-es-salvar-las-borracheras-es-recordar-el-nacimiento-de-jesus-al-menos-para-los-catolicos\/","title":{"rendered":"Salvar la Navidad no es salvar las borracheras, es recordar el nacimiento de Jes\u00fas, al menos para los cat\u00f3licos"},"content":{"rendered":"<figure id=\"attachment_13957\" aria-describedby=\"caption-attachment-13957\" style=\"width: 644px\" class=\"wp-caption aligncenter\"><img loading=\"lazy\" decoding=\"async\" class=\"wp-image-13957 size-large\" src=\"https:\/\/www.granadablogs.com\/juezcalatayud\/wp-content\/uploads\/2020\/12\/Arboleda-644x429.jpg\" alt=\"\" width=\"644\" height=\"429\" srcset=\"https:\/\/www.granadablogs.com\/juezcalatayud\/wp-content\/uploads\/2020\/12\/Arboleda-644x429.jpg 644w, https:\/\/www.granadablogs.com\/juezcalatayud\/wp-content\/uploads\/2020\/12\/Arboleda-300x200.jpg 300w, https:\/\/www.granadablogs.com\/juezcalatayud\/wp-content\/uploads\/2020\/12\/Arboleda-768x512.jpg 768w\" sizes=\"auto, (max-width: 644px) 100vw, 644px\" \/><figcaption id=\"caption-attachment-13957\" class=\"wp-caption-text\"><br \/>FOTO: RAM\u00d6N L. P\u00c9REZ<\/figcaption><\/figure>\n<p>Buenas, soy Emilio Calatayud, es decir, el aguafiestas. Dicen que hay que salvar la Navidad, pero algunos de los que dicen (me temo que son mayor\u00eda) est\u00e1n pensando en realidad en salvar las borracheras, el desmadre y el despadre. Y eso no es la Navidad, al menos para los cat\u00f3licos, como es mi caso. Salvar la Navidad es recordar el nacimiento de Jes\u00fas. Lo dem\u00e1s es otra cosa. Estar\u00eda bien que se hablase claro para no confundir al personal.<\/p>\n<p>La Navidad es una celebraci\u00f3n religiosa y est\u00e1 salvada desde el momento en que los cat\u00f3licos conmemoramos el nacimiento de Jes\u00fas. Feliz Navidad.<\/p>\n","protected":false},"excerpt":{"rendered":"<p>Buenas, soy Emilio Calatayud, es decir, el aguafiestas. Dicen que hay que salvar la Navidad, pero algunos de los que dicen (me temo que son mayor\u00eda) est\u00e1n pensando en realidad en salvar las borracheras, el desmadre y el despadre. Y eso no es la Navidad, al menos para los cat\u00f3licos, como es mi caso. Salvar [&hellip;]<\/p>\n","protected":false},"author":2,"featured_media":0,"comment_status":"open","ping_status":"open","sticky":false,"template":"","format":"standard","meta":{"jetpack_post_was_ever_published":false,"_jetpack_newsletter_access":"","_jetpack_dont_email_post_to_subs":false,"_jetpack_newsletter_tier_id":0,"_jetpack_memberships_contains_paywalled_content":false,"_jetpack_memberships_contains_paid_content":false,"footnotes":""},"categories":[1],"tags":[281,2772],"class_list":["post-13955","post","type-post","status-publish","format-standard","hentry","category-blog","tag-navidad","tag-salvar"],"jetpack_featured_media_url":"","jetpack_shortlink":"https:\/\/wp.me\/p5fzW5-3D5","jetpack-related-posts":[],"jetpack_sharing_enabled":true,"_links":{"self":[{"href":"https:\/\/www.granadablogs.com\/juezcalatayud\/wp-json\/wp\/v2\/posts\/13955","targetHints":{"allow":["GET"]}}],"collection":[{"href":"https:\/\/www.granadablogs.com\/juezcalatayud\/wp-json\/wp\/v2\/posts"}],"about":[{"href":"https:\/\/www.granadablogs.com\/juezcalatayud\/wp-json\/wp\/v2\/types\/post"}],"author":[{"embeddable":true,"href":"https:\/\/www.granadablogs.com\/juezcalatayud\/wp-json\/wp\/v2\/users\/2"}],"replies":[{"embeddable":true,"href":"https:\/\/www.granadablogs.com\/juezcalatayud\/wp-json\/wp\/v2\/comments?post=13955"}],"version-history":[{"count":2,"href":"https:\/\/www.granadablogs.com\/juezcalatayud\/wp-json\/wp\/v2\/posts\/13955\/revisions"}],"predecessor-version":[{"id":13958,"href":"https:\/\/www.granadablogs.com\/juezcalatayud\/wp-json\/wp\/v2\/posts\/13955\/revisions\/13958"}],"wp:attachment":[{"href":"https:\/\/www.granadablogs.com\/juezcalatayud\/wp-json\/wp\/v2\/media?parent=13955"}],"wp:term":[{"taxonomy":"category","embeddable":true,"href":"https:\/\/www.granadablogs.com\/juezcalatayud\/wp-json\/wp\/v2\/categories?post=13955"},{"taxonomy":"post_tag","embeddable":true,"href":"https:\/\/www.granadablogs.com\/juezcalatayud\/wp-json\/wp\/v2\/tags?post=13955"}],"curies":[{"name":"wp","href":"https:\/\/api.w.org\/{rel}","templated":true}]}}