{"id":13933,"date":"2020-12-03T20:45:58","date_gmt":"2020-12-03T18:45:58","guid":{"rendered":"https:\/\/www.granadablogs.com\/juezcalatayud\/?p=13933"},"modified":"2020-12-03T20:45:58","modified_gmt":"2020-12-03T18:45:58","slug":"a-las-personas-con-discapacidad-en-su-dia-gracias-porque-vuestro-espiritu-de-superacion-ayuda-a-reeducar-a-chavales","status":"publish","type":"post","link":"https:\/\/www.granadablogs.com\/juezcalatayud\/2020\/12\/a-las-personas-con-discapacidad-en-su-dia-gracias-porque-vuestro-espiritu-de-superacion-ayuda-a-reeducar-a-chavales\/","title":{"rendered":"A las personas con discapacidad, en su d\u00eda: Gracias, porque vuestro esp\u00edritu de superaci\u00f3n ayuda a reeducar a chavales"},"content":{"rendered":"<p>&nbsp;<\/p>\n<figure id=\"attachment_13234\" aria-describedby=\"caption-attachment-13234\" style=\"width: 644px\" class=\"wp-caption aligncenter\"><img loading=\"lazy\" decoding=\"async\" class=\"wp-image-13234 size-large\" src=\"https:\/\/www.granadablogs.com\/juezcalatayud\/wp-content\/uploads\/2020\/07\/Emil-nueva-tres-1-644x429.jpg\" alt=\"\" width=\"644\" height=\"429\" srcset=\"https:\/\/www.granadablogs.com\/juezcalatayud\/wp-content\/uploads\/2020\/07\/Emil-nueva-tres-1-644x429.jpg 644w, https:\/\/www.granadablogs.com\/juezcalatayud\/wp-content\/uploads\/2020\/07\/Emil-nueva-tres-1-300x200.jpg 300w, https:\/\/www.granadablogs.com\/juezcalatayud\/wp-content\/uploads\/2020\/07\/Emil-nueva-tres-1-768x512.jpg 768w\" sizes=\"auto, (max-width: 644px) 100vw, 644px\" \/><figcaption id=\"caption-attachment-13234\" class=\"wp-caption-text\">FOTO: PEPE MAR\u00cdN<\/p>\n<p><\/figcaption><\/figure>\n<p>Buenas, soy Emilio Calatayud. La justicia de menores, tal y como la conocemos, es posible gracias a la colaboraci\u00f3n de buena parte de la sociedad. Entre esos colaboradores, est\u00e1n las personas con discapacidad, que hoy celebran su d\u00eda. Y digo que colaboran con la justicia de menores porque, con su esp\u00edritu de superaci\u00f3n, ayudan a reeducar a chavales. No hay un nini, esos chicos que ni estudian ni trabajan, que siga si\u00e9ndolo si ve los esfuerzos que hacen a diario los discapacitados para adaptarse a lo que nosotros llamamos normalidad. Gracias por todo.<\/p>\n<p>Y, por supuesto, defiendo la continuidad de los centros educativos especializados en la atenci\u00f3n a personas con discapacidad.<\/p>\n","protected":false},"excerpt":{"rendered":"<p>&nbsp; Buenas, soy Emilio Calatayud. La justicia de menores, tal y como la conocemos, es posible gracias a la colaboraci\u00f3n de buena parte de la sociedad. Entre esos colaboradores, est\u00e1n las personas con discapacidad, que hoy celebran su d\u00eda. Y digo que colaboran con la justicia de menores porque, con su esp\u00edritu de superaci\u00f3n, ayudan [&hellip;]<\/p>\n","protected":false},"author":2,"featured_media":0,"comment_status":"open","ping_status":"open","sticky":false,"template":"","format":"standard","meta":{"jetpack_post_was_ever_published":false,"_jetpack_newsletter_access":"","_jetpack_dont_email_post_to_subs":false,"_jetpack_newsletter_tier_id":0,"_jetpack_memberships_contains_paywalled_content":false,"_jetpack_memberships_contains_paid_content":false,"footnotes":""},"categories":[1],"tags":[624,762],"class_list":["post-13933","post","type-post","status-publish","format-standard","hentry","category-blog","tag-dia","tag-discapacidad"],"jetpack_featured_media_url":"","jetpack_shortlink":"https:\/\/wp.me\/p5fzW5-3CJ","jetpack-related-posts":[],"jetpack_sharing_enabled":true,"_links":{"self":[{"href":"https:\/\/www.granadablogs.com\/juezcalatayud\/wp-json\/wp\/v2\/posts\/13933","targetHints":{"allow":["GET"]}}],"collection":[{"href":"https:\/\/www.granadablogs.com\/juezcalatayud\/wp-json\/wp\/v2\/posts"}],"about":[{"href":"https:\/\/www.granadablogs.com\/juezcalatayud\/wp-json\/wp\/v2\/types\/post"}],"author":[{"embeddable":true,"href":"https:\/\/www.granadablogs.com\/juezcalatayud\/wp-json\/wp\/v2\/users\/2"}],"replies":[{"embeddable":true,"href":"https:\/\/www.granadablogs.com\/juezcalatayud\/wp-json\/wp\/v2\/comments?post=13933"}],"version-history":[{"count":3,"href":"https:\/\/www.granadablogs.com\/juezcalatayud\/wp-json\/wp\/v2\/posts\/13933\/revisions"}],"predecessor-version":[{"id":13936,"href":"https:\/\/www.granadablogs.com\/juezcalatayud\/wp-json\/wp\/v2\/posts\/13933\/revisions\/13936"}],"wp:attachment":[{"href":"https:\/\/www.granadablogs.com\/juezcalatayud\/wp-json\/wp\/v2\/media?parent=13933"}],"wp:term":[{"taxonomy":"category","embeddable":true,"href":"https:\/\/www.granadablogs.com\/juezcalatayud\/wp-json\/wp\/v2\/categories?post=13933"},{"taxonomy":"post_tag","embeddable":true,"href":"https:\/\/www.granadablogs.com\/juezcalatayud\/wp-json\/wp\/v2\/tags?post=13933"}],"curies":[{"name":"wp","href":"https:\/\/api.w.org\/{rel}","templated":true}]}}