{"id":13746,"date":"2020-11-02T21:14:11","date_gmt":"2020-11-02T19:14:11","guid":{"rendered":"https:\/\/www.granadablogs.com\/juezcalatayud\/?p=13746"},"modified":"2020-11-02T21:14:11","modified_gmt":"2020-11-02T19:14:11","slug":"pablo-hijo-de-una-barrendera-de-logrono-limpia-los-destrozos-de-los-vandalos-mis-respetos-a-la-madre-por-educar-tan-bien","status":"publish","type":"post","link":"https:\/\/www.granadablogs.com\/juezcalatayud\/2020\/11\/pablo-hijo-de-una-barrendera-de-logrono-limpia-los-destrozos-de-los-vandalos-mis-respetos-a-la-madre-por-educar-tan-bien\/","title":{"rendered":"Pablo, hijo de una barrendera de Logro\u00f1o, limpia los destrozos de los v\u00e1ndalos: mis respetos a la madre por educar tan bien"},"content":{"rendered":"<p>&nbsp;<\/p>\n<figure id=\"attachment_8783\" aria-describedby=\"caption-attachment-8783\" style=\"width: 624px\" class=\"wp-caption aligncenter\"><img loading=\"lazy\" decoding=\"async\" class=\"wp-image-8783 size-full\" src=\"https:\/\/www.granadablogs.com\/juezcalatayud\/wp-content\/uploads\/2018\/07\/cero-y-Emilio.jpg\" alt=\"\" width=\"624\" height=\"385\" srcset=\"https:\/\/www.granadablogs.com\/juezcalatayud\/wp-content\/uploads\/2018\/07\/cero-y-Emilio.jpg 624w, https:\/\/www.granadablogs.com\/juezcalatayud\/wp-content\/uploads\/2018\/07\/cero-y-Emilio-300x185.jpg 300w\" sizes=\"auto, (max-width: 624px) 100vw, 624px\" \/><figcaption id=\"caption-attachment-8783\" class=\"wp-caption-text\">ideal.es<\/figcaption><\/figure>\n<p>Buenas, soy Emilio Calatayud. \u00a1Viva Pablo y la madre que lo pari\u00f3! Pablo es un chaval de Logro\u00f1o de 16 a\u00f1os que, despu\u00e9s de que un grupo de v\u00e1ndalos causaran destrozos en la ciudad, organiz\u00f3 una limpieza colectiva en los lugares atacados. La madre de Pablo es barrendera, es decir, una profesional esencial con y sin pandemia. Mis respetos para la madre de Pablo por haber educado tan bien al ni\u00f1o. Y a ver si copian de la educaci\u00f3n de Pablo unos que yo me s\u00e9&#8230; Y vosotros tambi\u00e9n.<\/p>\n","protected":false},"excerpt":{"rendered":"<p>&nbsp; Buenas, soy Emilio Calatayud. \u00a1Viva Pablo y la madre que lo pari\u00f3! Pablo es un chaval de Logro\u00f1o de 16 a\u00f1os que, despu\u00e9s de que un grupo de v\u00e1ndalos causaran destrozos en la ciudad, organiz\u00f3 una limpieza colectiva en los lugares atacados. La madre de Pablo es barrendera, es decir, una profesional esencial con [&hellip;]<\/p>\n","protected":false},"author":2,"featured_media":0,"comment_status":"open","ping_status":"open","sticky":false,"template":"","format":"standard","meta":{"jetpack_post_was_ever_published":false,"_jetpack_newsletter_access":"","_jetpack_dont_email_post_to_subs":false,"_jetpack_newsletter_tier_id":0,"_jetpack_memberships_contains_paywalled_content":false,"_jetpack_memberships_contains_paid_content":false,"footnotes":""},"categories":[1],"tags":[2768,399,765],"class_list":["post-13746","post","type-post","status-publish","format-standard","hentry","category-blog","tag-barrendera","tag-hijo","tag-pablo"],"jetpack_featured_media_url":"","jetpack_shortlink":"https:\/\/wp.me\/p5fzW5-3zI","jetpack-related-posts":[],"jetpack_sharing_enabled":true,"_links":{"self":[{"href":"https:\/\/www.granadablogs.com\/juezcalatayud\/wp-json\/wp\/v2\/posts\/13746","targetHints":{"allow":["GET"]}}],"collection":[{"href":"https:\/\/www.granadablogs.com\/juezcalatayud\/wp-json\/wp\/v2\/posts"}],"about":[{"href":"https:\/\/www.granadablogs.com\/juezcalatayud\/wp-json\/wp\/v2\/types\/post"}],"author":[{"embeddable":true,"href":"https:\/\/www.granadablogs.com\/juezcalatayud\/wp-json\/wp\/v2\/users\/2"}],"replies":[{"embeddable":true,"href":"https:\/\/www.granadablogs.com\/juezcalatayud\/wp-json\/wp\/v2\/comments?post=13746"}],"version-history":[{"count":3,"href":"https:\/\/www.granadablogs.com\/juezcalatayud\/wp-json\/wp\/v2\/posts\/13746\/revisions"}],"predecessor-version":[{"id":13749,"href":"https:\/\/www.granadablogs.com\/juezcalatayud\/wp-json\/wp\/v2\/posts\/13746\/revisions\/13749"}],"wp:attachment":[{"href":"https:\/\/www.granadablogs.com\/juezcalatayud\/wp-json\/wp\/v2\/media?parent=13746"}],"wp:term":[{"taxonomy":"category","embeddable":true,"href":"https:\/\/www.granadablogs.com\/juezcalatayud\/wp-json\/wp\/v2\/categories?post=13746"},{"taxonomy":"post_tag","embeddable":true,"href":"https:\/\/www.granadablogs.com\/juezcalatayud\/wp-json\/wp\/v2\/tags?post=13746"}],"curies":[{"name":"wp","href":"https:\/\/api.w.org\/{rel}","templated":true}]}}